{"id":91,"date":"2026-01-26T19:23:01","date_gmt":"2026-01-26T16:23:01","guid":{"rendered":"https:\/\/emniyetnakliyat.com\/nigde\/?p=91"},"modified":"2026-04-24T12:42:14","modified_gmt":"2026-04-24T09:42:14","slug":"nigde-esya-tasima-nakliye-firmasi","status":"publish","type":"post","link":"https:\/\/emniyetnakliyat.com\/nigde\/nigde-esya-tasima-nakliye-firmasi\/","title":{"rendered":"Ni\u011fde E\u015fya Ta\u015f\u0131ma Nakliye Firmas\u0131"},"content":{"rendered":"\n<h1 class=\"wp-block-heading\">Ni\u011fde E\u015fya Ta\u015f\u0131ma Nakliye Firmas\u0131 <\/h1>\n\n\n\n<h2 class=\"wp-block-heading\">Ni\u011fde E\u015fya Ta\u015f\u0131ma ve Nakliye Firmas\u0131 Arayanlar \u0130\u00e7in Do\u011fru Adres<\/h2>\n\n\n\n<p>\u0130\u00e7 Anadolu\u2019nun \u00f6nemli \u015fehirlerinden biri olan <strong>Ni\u011fde<\/strong>, hem \u00f6\u011frenci n\u00fcfusu hem de geli\u015fen konut projeleriyle e\u015fya ta\u015f\u0131ma ihtiyac\u0131n\u0131n yo\u011fun oldu\u011fu iller aras\u0131nda yer almaktad\u0131r. Bu nedenle <strong>Ni\u011fde e\u015fya ta\u015f\u0131ma nakliye firmas\u0131<\/strong> aramalar\u0131 her ge\u00e7en g\u00fcn artmakta, insanlar g\u00fcvenilir ve profesyonel firmalarla \u00e7al\u0131\u015fmak istemektedir.<\/p>\n\n\n\n<p>Ev ta\u015f\u0131ma, ofis ta\u015f\u0131ma, par\u00e7a e\u015fya nakliyesi ya da \u015fehirler aras\u0131 ta\u015f\u0131mac\u0131l\u0131k gibi konularda do\u011fru firmay\u0131 se\u00e7mek, ta\u015f\u0131nma s\u00fcrecinin sorunsuz ge\u00e7mesi a\u00e7\u0131s\u0131ndan b\u00fcy\u00fck \u00f6nem ta\u015f\u0131r. Bizler, sekt\u00f6rdeki tecr\u00fcbemiz, uzman ekibimiz ve modern ara\u00e7 filomuzla <strong>Ni\u011fde nakliyat firmas\u0131<\/strong> arayan m\u00fc\u015fterilerimize kaliteli ve g\u00fcvenli hizmet sunuyoruz.<\/p>\n\n\n\n<hr class=\"wp-block-separator has-alpha-channel-opacity\"\/>\n\n\n\n<h2 class=\"wp-block-heading\">Neden Ni\u011fde E\u015fya Ta\u015f\u0131ma Nakliye Firmas\u0131 Olarak Bizi Tercih Etmelisiniz?<\/h2>\n\n\n\n<p>Ta\u015f\u0131nma s\u00fcreci, profesyonel bir planlama yap\u0131lmad\u0131\u011f\u0131nda hem maddi hem de manevi sorunlara yol a\u00e7abilir. Firmam\u0131z\u0131 tercih etmenizin ba\u015fl\u0131ca nedenleri \u015funlard\u0131r:<\/p>\n\n\n\n<ul class=\"wp-block-list\">\n<li>Deneyimli ve g\u00fcler y\u00fczl\u00fc personel<\/li>\n\n\n\n<li>Modern ve bak\u0131ml\u0131 nakliye ara\u00e7lar\u0131<\/li>\n\n\n\n<li>Sigortal\u0131 ve s\u00f6zle\u015fmeli ta\u015f\u0131mac\u0131l\u0131k<\/li>\n\n\n\n<li>Zaman\u0131nda teslimat garantisi<\/li>\n\n\n\n<li>Uygun fiyat ve \u015feffaf hizmet anlay\u0131\u015f\u0131<\/li>\n<\/ul>\n\n\n\n<p><strong>Ni\u011fde e\u015fya ta\u015f\u0131ma firmas\u0131<\/strong> olarak m\u00fc\u015fteri memnuniyetini her zaman \u00f6n planda tutuyor, e\u015fyalar\u0131n\u0131z\u0131 kendi e\u015fyam\u0131z gibi \u00f6zenle ta\u015f\u0131yoruz.<\/p>\n\n\n\n<hr class=\"wp-block-separator has-alpha-channel-opacity\"\/>\n\n\n\n<h2 class=\"wp-block-heading\">Ni\u011fde Evden Eve Nakliyat Hizmetleri<\/h2>\n\n\n\n<h3 class=\"wp-block-heading\">G\u00fcvenli ve Profesyonel Ev Ta\u015f\u0131ma<\/h3>\n\n\n\n<p>Ev ta\u015f\u0131mak, detayl\u0131 bir organizasyon gerektirir. <strong>Ni\u011fde evden eve nakliyat<\/strong> hizmetimiz kapsam\u0131nda ta\u015f\u0131nma s\u00fcrecinin her a\u015famas\u0131n\u0131 titizlikle planl\u0131yoruz.<\/p>\n\n\n\n<ul class=\"wp-block-list\">\n<li>\u00dccretsiz ekspertiz hizmeti<\/li>\n\n\n\n<li>Profesyonel paketleme ve ambalajlama<\/li>\n\n\n\n<li>Mobilya s\u00f6k\u00fcm ve montaj<\/li>\n\n\n\n<li>D\u00fczenli yerle\u015ftirme<\/li>\n<\/ul>\n\n\n\n<p>Bu sayede ta\u015f\u0131nma g\u00fcn\u00fc herhangi bir aksakl\u0131k ya\u015fanmadan s\u00fcre\u00e7 tamamlan\u0131r.<\/p>\n\n\n\n<h3 class=\"wp-block-heading\">Daire, Villa ve Rezidans Ta\u015f\u0131mac\u0131l\u0131\u011f\u0131<\/h3>\n\n\n\n<p>Ni\u011fde\u2019de yer alan:<\/p>\n\n\n\n<ul class=\"wp-block-list\">\n<li>Apartman daireleri<\/li>\n\n\n\n<li>M\u00fcstakil villalar<\/li>\n\n\n\n<li>L\u00fcks rezidanslar<\/li>\n<\/ul>\n\n\n\n<p>\u0130\u00e7in \u00f6zel ta\u015f\u0131ma planlar\u0131 olu\u015fturuyor, her konut tipine uygun ekipman kullan\u0131yoruz.<\/p>\n\n\n\n<hr class=\"wp-block-separator has-alpha-channel-opacity\"\/>\n\n\n\n<h2 class=\"wp-block-heading\">Ni\u011fde Ofis &amp; B\u00fcro Ta\u015f\u0131mac\u0131l\u0131\u011f\u0131<\/h2>\n\n\n\n<h3 class=\"wp-block-heading\">\u0130\u015f Kayb\u0131 Ya\u015famadan Ofisinizi Ta\u015f\u0131y\u0131n<\/h3>\n\n\n\n<p>Ofis ta\u015f\u0131mac\u0131l\u0131\u011f\u0131, zaman y\u00f6netimi a\u00e7\u0131s\u0131ndan olduk\u00e7a hassas bir s\u00fcre\u00e7tir. <strong>Ni\u011fde ofis ta\u015f\u0131ma<\/strong> hizmetimiz sayesinde i\u015fletmenizi aksatmadan, planl\u0131 bir \u015fekilde ta\u015f\u0131nman\u0131z\u0131 sa\u011fl\u0131yoruz.<\/p>\n\n\n\n<ul class=\"wp-block-list\">\n<li>Ofis mobilyalar\u0131<\/li>\n\n\n\n<li>Bilgisayar ve elektronik ekipmanlar<\/li>\n\n\n\n<li>Dosya ve ar\u015fivler<\/li>\n<\/ul>\n\n\n\n<p>\u00d6zel ambalajlarla paketlenir ve yeni adresinizde istedi\u011finiz d\u00fczende yerle\u015ftirilir.<\/p>\n\n\n\n<hr class=\"wp-block-separator has-alpha-channel-opacity\"\/>\n\n\n\n<h3 class=\"wp-block-heading\">Ni\u011fde \u015eehir \u0130\u00e7i E\u015fya Ta\u015f\u0131ma Hizmetleri<\/h3>\n\n\n\n<p>Ni\u011fde merkez ve il\u00e7elerinde sundu\u011fumuz <strong>\u015fehir i\u00e7i e\u015fya ta\u015f\u0131ma<\/strong> hizmetleri ile k\u0131sa mesafelerde bile maksimum \u00f6zen g\u00f6steriyoruz.<\/p>\n\n\n\n<p>\u015eehir i\u00e7i nakliyatta:<\/p>\n\n\n\n<ul class=\"wp-block-list\">\n<li>H\u0131zl\u0131 ta\u015f\u0131ma<\/li>\n\n\n\n<li>Ayn\u0131 g\u00fcn teslimat<\/li>\n\n\n\n<li>Ekonomik fiyat avantaj\u0131<\/li>\n<\/ul>\n\n\n\n<p>Sa\u011flanmaktad\u0131r.<\/p>\n\n\n\n<hr class=\"wp-block-separator has-alpha-channel-opacity\"\/>\n\n\n\n<h3 class=\"wp-block-heading\">Ni\u011fde \u015eehirler Aras\u0131 Nakliyat<\/h3>\n\n\n\n<p>Ni\u011fde\u2019den T\u00fcrkiye\u2019nin t\u00fcm illerine g\u00fcvenli ve sigortal\u0131 ta\u015f\u0131mac\u0131l\u0131k hizmeti sunuyoruz. <strong>Ni\u011fde \u015fehirler aras\u0131 nakliye<\/strong> hizmetimizde uzun yol ta\u015f\u0131mac\u0131l\u0131\u011f\u0131na uygun ara\u00e7lar ve sabitleme sistemleri kullan\u0131yoruz.<\/p>\n\n\n\n<p>Ba\u015fta:<\/p>\n\n\n\n<ul class=\"wp-block-list\">\n<li>Kayseri<\/li>\n\n\n\n<li>Ankara<\/li>\n\n\n\n<li>\u0130stanbul<\/li>\n\n\n\n<li>\u0130zmir<\/li>\n\n\n\n<li>Antalya<\/li>\n<\/ul>\n\n\n\n<p>Olmak \u00fczere t\u00fcm illere d\u00fczenli ta\u015f\u0131mac\u0131l\u0131k ger\u00e7ekle\u015ftiriyoruz.<\/p>\n\n\n\n<hr class=\"wp-block-separator has-alpha-channel-opacity\"\/>\n\n\n\n<h3 class=\"wp-block-heading\">Par\u00e7a E\u015fya Ta\u015f\u0131ma Hizmetleri<\/h3>\n\n\n\n<p>T\u00fcm evi ta\u015f\u0131man\u0131za gerek yoksa <strong>par\u00e7a e\u015fya ta\u015f\u0131ma<\/strong> hizmetimiz tam size g\u00f6re. Tek par\u00e7a e\u015fya, beyaz e\u015fya ya da az say\u0131da e\u015fyan\u0131z i\u00e7in uygun fiyatl\u0131 \u00e7\u00f6z\u00fcmler sunuyoruz.<\/p>\n\n\n\n<hr class=\"wp-block-separator has-alpha-channel-opacity\"\/>\n\n\n\n<h3 class=\"wp-block-heading\">Profesyonel Paketleme ve Ambalajlama<\/h3>\n\n\n\n<p>E\u015fyalar\u0131n g\u00fcvenli ta\u015f\u0131nmas\u0131n\u0131n en \u00f6nemli unsurlar\u0131ndan biri do\u011fru paketlemedir. Hizmetlerimiz kapsam\u0131nda:<\/p>\n\n\n\n<ul class=\"wp-block-list\">\n<li>K\u0131r\u0131lacak e\u015fyalar i\u00e7in balonlu naylon<\/li>\n\n\n\n<li>Mobilyalar i\u00e7in stre\u00e7 ve battaniye<\/li>\n\n\n\n<li>Elektronik e\u015fyalar i\u00e7in \u00f6zel koruma<\/li>\n<\/ul>\n\n\n\n<p>Kullanarak maksimum g\u00fcvenlik sa\u011fl\u0131yoruz.<\/p>\n\n\n\n<hr class=\"wp-block-separator has-alpha-channel-opacity\"\/>\n\n\n\n<h2 class=\"wp-block-heading\">Mobilya S\u00f6k\u00fcm ve Montaj Hizmetleri<\/h2>\n\n\n\n<p>Alan\u0131nda uzman ustalar\u0131m\u0131z taraf\u0131ndan;<\/p>\n\n\n\n<ul class=\"wp-block-list\">\n<li>Gard\u0131rop s\u00f6k\u00fcm ve montaj<\/li>\n\n\n\n<li>Yatak odas\u0131 ve oturma grubu kurulumu<\/li>\n\n\n\n<li>Beyaz e\u015fya montaj ve demontaj<\/li>\n<\/ul>\n\n\n\n<p>Profesyonel \u015fekilde ger\u00e7ekle\u015ftirilmektedir.<\/p>\n\n\n\n<hr class=\"wp-block-separator has-alpha-channel-opacity\"\/>\n\n\n\n<h2 class=\"wp-block-heading\">Asans\u00f6rl\u00fc Nakliyat Ni\u011fde<\/h2>\n\n\n\n<p>Y\u00fcksek katl\u0131 binalarda ta\u015f\u0131nma art\u0131k \u00e7ok daha kolay. <strong>Ni\u011fde asans\u00f6rl\u00fc nakliyat<\/strong> hizmetimiz sayesinde:<\/p>\n\n\n\n<ul class=\"wp-block-list\">\n<li>Ta\u015f\u0131ma s\u00fcresi k\u0131sal\u0131r<\/li>\n\n\n\n<li>E\u015fya hasar riski azal\u0131r<\/li>\n\n\n\n<li>Apartman i\u00e7i sorunlar ya\u015fanmaz<\/li>\n<\/ul>\n\n\n\n<hr class=\"wp-block-separator has-alpha-channel-opacity\"\/>\n\n\n\n<h3 class=\"wp-block-heading\">Ni\u011fde E\u015fya Ta\u015f\u0131ma Fiyatlar\u0131<\/h3>\n\n\n\n<p>Ni\u011fde e\u015fya ta\u015f\u0131ma fiyatlar\u0131;<\/p>\n\n\n\n<ul class=\"wp-block-list\">\n<li>E\u015fya miktar\u0131<\/li>\n\n\n\n<li>Kat say\u0131s\u0131<\/li>\n\n\n\n<li>Mesafe<\/li>\n\n\n\n<li>Asans\u00f6r kullan\u0131m\u0131<\/li>\n<\/ul>\n\n\n\n<p>Gibi kriterlere g\u00f6re belirlenir. Uygun fiyat politikam\u0131z ile kaliteli hizmeti ekonomik \u015fartlarda sunuyoruz.<\/p>\n\n\n\n<hr class=\"wp-block-separator has-alpha-channel-opacity\"\/>\n\n\n\n<h2 class=\"wp-block-heading\">Ni\u011fde \u0130l\u00e7elerinde Nakliyat Hizmeti<\/h2>\n\n\n\n<p>Ni\u011fde merkez ba\u015fta olmak \u00fczere:<\/p>\n\n\n\n<ul class=\"wp-block-list\">\n<li>Bor<\/li>\n\n\n\n<li>\u00c7iftlik<\/li>\n\n\n\n<li>Uluk\u0131\u015fla<\/li>\n\n\n\n<li>Altunhisar<\/li>\n\n\n\n<li>\u00c7amard\u0131<\/li>\n<\/ul>\n\n\n\n<p>Ve t\u00fcm il\u00e7elerde aktif olarak hizmet veriyoruz.<\/p>\n\n\n\n<hr class=\"wp-block-separator has-alpha-channel-opacity\"\/>\n\n\n\n<h2 class=\"wp-block-heading\">Sigortal\u0131 Nakliyat ile G\u00fcvenli Ta\u015f\u0131ma<\/h2>\n\n\n\n<p>T\u00fcm ta\u015f\u0131mac\u0131l\u0131k hizmetlerimiz sigorta kapsam\u0131ndad\u0131r. Olas\u0131 risklere kar\u015f\u0131 e\u015fyalar\u0131n\u0131z g\u00fcvence alt\u0131na al\u0131n\u0131r.<\/p>\n\n\n\n<hr class=\"wp-block-separator has-alpha-channel-opacity\"\/>\n\n\n\n<h2 class=\"wp-block-heading\">Hizmetlerimiz<\/h2>\n\n\n\n<h3 class=\"wp-block-heading\">Evden Eve Nakliyat<\/h3>\n\n\n\n<p>Daire, villa ve rezidans ta\u015f\u0131malar\u0131nda g\u00fcvenli ve profesyonel \u00e7\u00f6z\u00fcmler<\/p>\n\n\n\n<h3 class=\"wp-block-heading\">Ofis &amp; B\u00fcro Ta\u015f\u0131mac\u0131l\u0131\u011f\u0131<\/h3>\n\n\n\n<p>\u0130\u015f kayb\u0131 ya\u015famadan, planl\u0131 ve h\u0131zl\u0131 ofis ta\u015f\u0131nma hizmeti<\/p>\n\n\n\n<h3 class=\"wp-block-heading\">\u015eehir \u0130\u00e7i \u2013 \u015eehirler Aras\u0131 Ta\u015f\u0131mac\u0131l\u0131k<\/h3>\n\n\n\n<p>Kayseri\u2019den T\u00fcrkiye\u2019nin t\u00fcm illerine g\u00fcvenli nakliyat<\/p>\n\n\n\n<h3 class=\"wp-block-heading\">Profesyonel Paketleme ve Montaj<\/h3>\n\n\n\n<p>Mobilya s\u00f6k\u00fcm\u2013kurulum, beyaz e\u015fya montaj ve demontaj hizmetleri<\/p>\n\n\n\n<hr class=\"wp-block-separator has-alpha-channel-opacity\"\/>\n\n\n\n<h2 class=\"wp-block-heading\">\u0130leti\u015fim Bilgilerimiz<\/h2>\n\n\n\n<p>\ud83d\udcde <strong>0554 530 97 48<\/strong><br>\ud83d\udcde <strong>0536 311 72 59<\/strong><br>\ud83d\udcde <strong>0352 344 28 08<\/strong><\/p>\n\n\n\n<h3 class=\"wp-block-heading\">Web Sitelerimiz<\/h3>\n\n\n\n<ul class=\"wp-block-list\">\n<li><a>https:\/\/emniyetnakliyat.com\/<\/a><\/li>\n\n\n\n<li><a>https:\/\/kayserievdenevenakliyat.net\/<\/a><\/li>\n\n\n\n<li><a>https:\/\/emniyetevdenevenakliyat.com\/<\/a><\/li>\n<\/ul>\n","protected":false},"excerpt":{"rendered":"<p>Ni\u011fde E\u015fya Ta\u015f\u0131ma Nakliye Firmas\u0131 Ni\u011fde E\u015fya Ta\u015f\u0131ma ve Nakliye Firmas\u0131 Arayanlar \u0130\u00e7in Do\u011fru Adres \u0130\u00e7 Anadolu\u2019nun \u00f6nemli \u015fehirlerinden biri olan Ni\u011fde, hem \u00f6\u011frenci n\u00fcfusu hem de geli\u015fen konut projeleriyle e\u015fya ta\u015f\u0131ma ihtiyac\u0131n\u0131n yo\u011fun oldu\u011fu iller aras\u0131nda yer almaktad\u0131r. Bu nedenle Ni\u011fde e\u015fya ta\u015f\u0131ma nakliye firmas\u0131 aramalar\u0131 her ge\u00e7en g\u00fcn artmakta, insanlar g\u00fcvenilir ve profesyonel [&hellip;]<\/p>\n","protected":false},"author":1,"featured_media":0,"comment_status":"closed","ping_status":"0","sticky":false,"template":"","format":"standard","meta":{"footnotes":""},"categories":[1],"tags":[12,14,13],"class_list":["post-91","post","type-post","status-publish","format-standard","hentry","category-nigde-evden-eve-nakliyat","tag-nigde-esya-tasima-fiyatlari","tag-nigde-nakliye-fiyatlari","tag-nigde-tasima-fiyatlari"],"yoast_head":"<!-- This site is optimized with the Yoast SEO plugin v27.4 - https:\/\/yoast.com\/product\/yoast-seo-wordpress\/ -->\n<title>Ni\u011fde E\u015fya Ta\u015f\u0131ma Nakliye Firmas\u0131<\/title>\n<meta name=\"description\" content=\"Ni\u011fde E\u015fya Ta\u015f\u0131ma Nakliye Firmas\u0131 Ni\u011fde evden eve nakliyat hizmetimiz kapsam\u0131nda ta\u015f\u0131nma s\u00fcrecinin her a\u015famas\u0131n\u0131 titizlikle planl\u0131yoruz.\" \/>\n<meta name=\"robots\" content=\"index, follow, max-snippet:-1, max-image-preview:large, max-video-preview:-1\" \/>\n<link rel=\"canonical\" href=\"https:\/\/emniyetnakliyat.com\/nigde\/nigde-esya-tasima-nakliye-firmasi\/\" \/>\n<meta property=\"og:locale\" content=\"tr_TR\" \/>\n<meta property=\"og:type\" content=\"article\" \/>\n<meta property=\"og:title\" content=\"Ni\u011fde E\u015fya Ta\u015f\u0131ma Nakliye Firmas\u0131\" \/>\n<meta property=\"og:description\" content=\"Ni\u011fde E\u015fya Ta\u015f\u0131ma Nakliye Firmas\u0131 Ni\u011fde evden eve nakliyat hizmetimiz kapsam\u0131nda ta\u015f\u0131nma s\u00fcrecinin her a\u015famas\u0131n\u0131 titizlikle planl\u0131yoruz.\" \/>\n<meta property=\"og:url\" content=\"https:\/\/emniyetnakliyat.com\/nigde\/nigde-esya-tasima-nakliye-firmasi\/\" \/>\n<meta property=\"og:site_name\" content=\"N\u0130\u011eDE EVDEN EVE NAKL\u0130YAT\" \/>\n<meta property=\"article:published_time\" content=\"2026-01-26T16:23:01+00:00\" \/>\n<meta property=\"article:modified_time\" content=\"2026-04-24T09:42:14+00:00\" \/>\n<meta property=\"og:image\" content=\"https:\/\/emniyetnakliyat.com\/nigde\/wp-content\/uploads\/sites\/5\/2025\/07\/iltisim-kamyon-resimi-evden-eve-nakliyat.jpg\" \/>\n\t<meta property=\"og:image:width\" content=\"330\" \/>\n\t<meta property=\"og:image:height\" content=\"295\" \/>\n\t<meta property=\"og:image:type\" content=\"image\/jpeg\" \/>\n<meta name=\"author\" content=\"dursun\" \/>\n<meta name=\"twitter:card\" content=\"summary_large_image\" \/>\n<meta name=\"twitter:label1\" content=\"Yazan:\" \/>\n\t<meta name=\"twitter:data1\" content=\"dursun\" \/>\n\t<meta name=\"twitter:label2\" content=\"Tahmini okuma s\u00fcresi\" \/>\n\t<meta name=\"twitter:data2\" content=\"4 dakika\" \/>\n<script type=\"application\/ld+json\" class=\"yoast-schema-graph\">{\"@context\":\"https:\\\/\\\/schema.org\",\"@graph\":[{\"@type\":\"Article\",\"@id\":\"https:\\\/\\\/emniyetnakliyat.com\\\/nigde\\\/nigde-esya-tasima-nakliye-firmasi\\\/#article\",\"isPartOf\":{\"@id\":\"https:\\\/\\\/emniyetnakliyat.com\\\/nigde\\\/nigde-esya-tasima-nakliye-firmasi\\\/\"},\"author\":{\"name\":\"dursun\",\"@id\":\"https:\\\/\\\/emniyetnakliyat.com\\\/nigde\\\/#\\\/schema\\\/person\\\/cae47676b1897faa81eb1abdb4966ab7\"},\"headline\":\"Ni\u011fde E\u015fya Ta\u015f\u0131ma Nakliye Firmas\u0131\",\"datePublished\":\"2026-01-26T16:23:01+00:00\",\"dateModified\":\"2026-04-24T09:42:14+00:00\",\"mainEntityOfPage\":{\"@id\":\"https:\\\/\\\/emniyetnakliyat.com\\\/nigde\\\/nigde-esya-tasima-nakliye-firmasi\\\/\"},\"wordCount\":924,\"publisher\":{\"@id\":\"https:\\\/\\\/emniyetnakliyat.com\\\/nigde\\\/#organization\"},\"keywords\":[\"Ni\u011fde E\u015fya Ta\u015f\u0131ma Fiyatlar\u0131\",\"Ni\u011fde nakliye Fiyatlar\u0131\",\"Ni\u011fde Ta\u015f\u0131ma Fiyatlar\u0131\"],\"articleSection\":[\"N\u0130\u011eDE EVDEN EVE NAKL\u0130YAT\"],\"inLanguage\":\"tr\"},{\"@type\":\"WebPage\",\"@id\":\"https:\\\/\\\/emniyetnakliyat.com\\\/nigde\\\/nigde-esya-tasima-nakliye-firmasi\\\/\",\"url\":\"https:\\\/\\\/emniyetnakliyat.com\\\/nigde\\\/nigde-esya-tasima-nakliye-firmasi\\\/\",\"name\":\"Ni\u011fde E\u015fya Ta\u015f\u0131ma Nakliye Firmas\u0131\",\"isPartOf\":{\"@id\":\"https:\\\/\\\/emniyetnakliyat.com\\\/nigde\\\/#website\"},\"datePublished\":\"2026-01-26T16:23:01+00:00\",\"dateModified\":\"2026-04-24T09:42:14+00:00\",\"description\":\"Ni\u011fde E\u015fya Ta\u015f\u0131ma Nakliye Firmas\u0131 Ni\u011fde evden eve nakliyat hizmetimiz kapsam\u0131nda ta\u015f\u0131nma s\u00fcrecinin her a\u015famas\u0131n\u0131 titizlikle planl\u0131yoruz.\",\"breadcrumb\":{\"@id\":\"https:\\\/\\\/emniyetnakliyat.com\\\/nigde\\\/nigde-esya-tasima-nakliye-firmasi\\\/#breadcrumb\"},\"inLanguage\":\"tr\",\"potentialAction\":[{\"@type\":\"ReadAction\",\"target\":[\"https:\\\/\\\/emniyetnakliyat.com\\\/nigde\\\/nigde-esya-tasima-nakliye-firmasi\\\/\"]}]},{\"@type\":\"BreadcrumbList\",\"@id\":\"https:\\\/\\\/emniyetnakliyat.com\\\/nigde\\\/nigde-esya-tasima-nakliye-firmasi\\\/#breadcrumb\",\"itemListElement\":[{\"@type\":\"ListItem\",\"position\":1,\"name\":\"Anasayfa\",\"item\":\"https:\\\/\\\/emniyetnakliyat.com\\\/nigde\\\/\"},{\"@type\":\"ListItem\",\"position\":2,\"name\":\"Ni\u011fde E\u015fya Ta\u015f\u0131ma Nakliye Firmas\u0131\"}]},{\"@type\":\"WebSite\",\"@id\":\"https:\\\/\\\/emniyetnakliyat.com\\\/nigde\\\/#website\",\"url\":\"https:\\\/\\\/emniyetnakliyat.com\\\/nigde\\\/\",\"name\":\"Kayseri Evden Eve Nakliyat\",\"description\":\"Ni\u011fde Evden Eve\",\"publisher\":{\"@id\":\"https:\\\/\\\/emniyetnakliyat.com\\\/nigde\\\/#organization\"},\"alternateName\":\"Kayseri Nakliyat\",\"potentialAction\":[{\"@type\":\"SearchAction\",\"target\":{\"@type\":\"EntryPoint\",\"urlTemplate\":\"https:\\\/\\\/emniyetnakliyat.com\\\/nigde\\\/?s={search_term_string}\"},\"query-input\":{\"@type\":\"PropertyValueSpecification\",\"valueRequired\":true,\"valueName\":\"search_term_string\"}}],\"inLanguage\":\"tr\"},{\"@type\":\"Organization\",\"@id\":\"https:\\\/\\\/emniyetnakliyat.com\\\/nigde\\\/#organization\",\"name\":\"Kayseri Emniyet Evden Eve Nakliyat\",\"alternateName\":\"Kayseri Evden Eve Nakliyat\",\"url\":\"https:\\\/\\\/emniyetnakliyat.com\\\/nigde\\\/\",\"logo\":{\"@type\":\"ImageObject\",\"inLanguage\":\"tr\",\"@id\":\"https:\\\/\\\/emniyetnakliyat.com\\\/nigde\\\/#\\\/schema\\\/logo\\\/image\\\/\",\"url\":\"https:\\\/\\\/emniyetnakliyat.com\\\/nigde\\\/wp-content\\\/uploads\\\/sites\\\/5\\\/2025\\\/07\\\/iltisim-kamyon-resimi-evden-eve-nakliyat.jpg\",\"contentUrl\":\"https:\\\/\\\/emniyetnakliyat.com\\\/nigde\\\/wp-content\\\/uploads\\\/sites\\\/5\\\/2025\\\/07\\\/iltisim-kamyon-resimi-evden-eve-nakliyat.jpg\",\"width\":330,\"height\":295,\"caption\":\"Kayseri Emniyet Evden Eve Nakliyat\"},\"image\":{\"@id\":\"https:\\\/\\\/emniyetnakliyat.com\\\/nigde\\\/#\\\/schema\\\/logo\\\/image\\\/\"}},{\"@type\":\"Person\",\"@id\":\"https:\\\/\\\/emniyetnakliyat.com\\\/nigde\\\/#\\\/schema\\\/person\\\/cae47676b1897faa81eb1abdb4966ab7\",\"name\":\"dursun\",\"image\":{\"@type\":\"ImageObject\",\"inLanguage\":\"tr\",\"@id\":\"https:\\\/\\\/secure.gravatar.com\\\/avatar\\\/00d536440383b6da8bc49cec7f82c5ab521a2fe088fc11011f31694a92c84d45?s=96&d=mm&r=g\",\"url\":\"https:\\\/\\\/secure.gravatar.com\\\/avatar\\\/00d536440383b6da8bc49cec7f82c5ab521a2fe088fc11011f31694a92c84d45?s=96&d=mm&r=g\",\"contentUrl\":\"https:\\\/\\\/secure.gravatar.com\\\/avatar\\\/00d536440383b6da8bc49cec7f82c5ab521a2fe088fc11011f31694a92c84d45?s=96&d=mm&r=g\",\"caption\":\"dursun\"},\"description\":\"## \u2753 Nakliyat ile \u0130lgili S\u0131k\u00e7a Sorulan Sorular ### 1. **Evden eve nakliyat nedir?** Evden eve nakliyat, e\u015fyalar\u0131n\u0131z\u0131n mevcut adresinizden al\u0131narak yeni adresinize g\u00fcvenli ve d\u00fczenli bir \u015fekilde ta\u015f\u0131nmas\u0131 i\u015flemidir. Paketleme, ta\u015f\u0131ma, montaj ve yerle\u015ftirme gibi a\u015famalar\u0131 kapsar. --- ### 2. **Ta\u015f\u0131nmadan ne kadar s\u00fcre \u00f6nce rezervasyon yapt\u0131rmal\u0131y\u0131m?** Ta\u015f\u0131nma tarihinden en az 3-7 g\u00fcn \u00f6nce firmam\u0131zla ileti\u015fime ge\u00e7meniz, uygun zaman ve ekip planlamas\u0131 a\u00e7\u0131s\u0131ndan \u00f6nemlidir. Yo\u011fun d\u00f6nemlerde daha erken rezervasyon \u00f6nerilir. --- ### 3. **E\u015fyalar\u0131m ta\u015f\u0131n\u0131rken sigorta yap\u0131l\u0131yor mu?** Evet, Emniyet Nakliyat olarak t\u00fcm \u015fehir i\u00e7i ve \u015fehirler aras\u0131 ta\u015f\u0131malar\u0131m\u0131zda sigortal\u0131 nakliyat hizmeti sunuyoruz. Olas\u0131 zararlar sigorta kapsam\u0131nda kar\u015f\u0131lan\u0131r. --- ### 4. **Ambalajlama hizmeti sunuyor musunuz?** Kesinlikle. T\u00fcm e\u015fyalar\u0131n\u0131z, \u00e7izilme, k\u0131r\u0131lma veya ezilmelere kar\u015f\u0131 \u00f6zel ambalaj malzemeleri kullan\u0131larak profesyonelce paketlenir. --- ### 5. **Mobilyalar\u0131n montaj ve demontaj i\u015flemleri yap\u0131l\u0131r m\u0131?** Evet. Marangoz ekibimiz b\u00fcy\u00fck mobilyalar\u0131n\u0131z\u0131 ta\u015f\u0131madan \u00f6nce s\u00f6ker, yeni evinizde tekrar kurulumunu yapar. --- ### 6. **Asans\u00f6rl\u00fc ta\u015f\u0131ma hizmetiniz var m\u0131?** Evet, y\u00fcksek katl\u0131 binalarda bina i\u00e7i riski ortadan kald\u0131rmak i\u00e7in d\u0131\u015f cephe asans\u00f6rl\u00fc ta\u015f\u0131ma hizmeti sunmaktay\u0131z. --- ### 7. **Ta\u015f\u0131nma i\u015flemi hangi saatlerde ba\u015fl\u0131yor?** Genellikle sabah erken saatlerde (07:00 - 09:00 aras\u0131) ta\u015f\u0131ma ba\u015flat\u0131l\u0131r. Ancak m\u00fc\u015fteri talebine g\u00f6re saat esnekli\u011fi sa\u011flanabilir. --- ### 8. **Ta\u015f\u0131ma s\u00fcresi ne kadar s\u00fcrer?** Ta\u015f\u0131ma s\u00fcresi e\u015fya miktar\u0131na, kat say\u0131s\u0131na ve gidilecek mesafeye ba\u011fl\u0131 olarak de\u011fi\u015fir. Genellikle \u015fehir i\u00e7i ta\u015f\u0131malar ayn\u0131 g\u00fcn i\u00e7erisinde tamamlan\u0131r. --- ### 9. **Nakliyat fiyatlar\u0131 nas\u0131l belirleniyor?** Fiyatland\u0131rma; e\u015fya yo\u011funlu\u011fu, kat durumu, mesafe, asans\u00f6r ihtiyac\u0131 ve ek hizmetlere g\u00f6re belirlenir. \u00dccretsiz ekspertiz hizmeti ile net fiyat teklifi sunulur. --- ### 10. **\u015eehirler aras\u0131 ta\u015f\u0131mac\u0131l\u0131k yap\u0131yor musunuz?** Evet. T\u00fcrkiye\u2019nin 81 iline profesyonel \u015fehirler aras\u0131 ta\u015f\u0131mac\u0131l\u0131k hizmeti sunmaktay\u0131z. --- ### 11. **Ta\u015f\u0131ma g\u00fcn\u00fc evde bulunmam \u015fart m\u0131?** Tercihen ev sahibi ya da yetkili bir ki\u015finin ta\u015f\u0131ma g\u00fcn\u00fc adreste bulunmas\u0131, s\u00fcrecin sa\u011fl\u0131kl\u0131 ilerlemesi a\u00e7\u0131s\u0131ndan \u00f6nemlidir. --- ### 12. **K\u0131r\u0131lacak e\u015fyalar i\u00e7in \u00f6zel koruma sa\u011flan\u0131yor mu?** Evet. Cam, porselen ve elektronik gibi hassas e\u015fyalar i\u00e7in ekstra korumal\u0131 ambalaj ve \u00f6zel kolileme sistemi uygulan\u0131r. --- ### 13. **E\u015fyalar\u0131m hangi ara\u00e7larla ta\u015f\u0131n\u0131yor?** E\u015fyalar\u0131n\u0131z, ta\u015f\u0131ma hacmine uygun b\u00fcy\u00fckl\u00fckte kapal\u0131 kasa, yast\u0131kl\u0131 ve sabitleme sistemli \u00f6zel nakliye ara\u00e7lar\u0131m\u0131zla ta\u015f\u0131n\u0131r. --- ### 14. **E\u015fyalar\u0131m\u0131 ge\u00e7ici olarak depolayabilir miyim?** Elbette. K\u0131sa veya uzun s\u00fcreli e\u015fya depolama \u00e7\u00f6z\u00fcmlerimizle, e\u015fyalar\u0131n\u0131z\u0131 g\u00fcvenli ortamlarda muhafaza ediyoruz. --- ### 15. **Nakliye hizmetiniz haftan\u0131n her g\u00fcn\u00fc a\u00e7\u0131k m\u0131?** Evet. Hafta i\u00e7i ve hafta sonu dahil olmak \u00fczere, talepler do\u011frultusunda her g\u00fcn hizmet vermekteyiz. -\",\"sameAs\":[\"https:\\\/\\\/emniyetnakliyat.com\"]}]}<\/script>\n<!-- \/ Yoast SEO plugin. -->","yoast_head_json":{"title":"Ni\u011fde E\u015fya Ta\u015f\u0131ma Nakliye Firmas\u0131","description":"Ni\u011fde E\u015fya Ta\u015f\u0131ma Nakliye Firmas\u0131 Ni\u011fde evden eve nakliyat hizmetimiz kapsam\u0131nda ta\u015f\u0131nma s\u00fcrecinin her a\u015famas\u0131n\u0131 titizlikle planl\u0131yoruz.","robots":{"index":"index","follow":"follow","max-snippet":"max-snippet:-1","max-image-preview":"max-image-preview:large","max-video-preview":"max-video-preview:-1"},"canonical":"https:\/\/emniyetnakliyat.com\/nigde\/nigde-esya-tasima-nakliye-firmasi\/","og_locale":"tr_TR","og_type":"article","og_title":"Ni\u011fde E\u015fya Ta\u015f\u0131ma Nakliye Firmas\u0131","og_description":"Ni\u011fde E\u015fya Ta\u015f\u0131ma Nakliye Firmas\u0131 Ni\u011fde evden eve nakliyat hizmetimiz kapsam\u0131nda ta\u015f\u0131nma s\u00fcrecinin her a\u015famas\u0131n\u0131 titizlikle planl\u0131yoruz.","og_url":"https:\/\/emniyetnakliyat.com\/nigde\/nigde-esya-tasima-nakliye-firmasi\/","og_site_name":"N\u0130\u011eDE EVDEN EVE NAKL\u0130YAT","article_published_time":"2026-01-26T16:23:01+00:00","article_modified_time":"2026-04-24T09:42:14+00:00","og_image":[{"width":330,"height":295,"url":"https:\/\/emniyetnakliyat.com\/nigde\/wp-content\/uploads\/sites\/5\/2025\/07\/iltisim-kamyon-resimi-evden-eve-nakliyat.jpg","type":"image\/jpeg"}],"author":"dursun","twitter_card":"summary_large_image","twitter_misc":{"Yazan:":"dursun","Tahmini okuma s\u00fcresi":"4 dakika"},"schema":{"@context":"https:\/\/schema.org","@graph":[{"@type":"Article","@id":"https:\/\/emniyetnakliyat.com\/nigde\/nigde-esya-tasima-nakliye-firmasi\/#article","isPartOf":{"@id":"https:\/\/emniyetnakliyat.com\/nigde\/nigde-esya-tasima-nakliye-firmasi\/"},"author":{"name":"dursun","@id":"https:\/\/emniyetnakliyat.com\/nigde\/#\/schema\/person\/cae47676b1897faa81eb1abdb4966ab7"},"headline":"Ni\u011fde E\u015fya Ta\u015f\u0131ma Nakliye Firmas\u0131","datePublished":"2026-01-26T16:23:01+00:00","dateModified":"2026-04-24T09:42:14+00:00","mainEntityOfPage":{"@id":"https:\/\/emniyetnakliyat.com\/nigde\/nigde-esya-tasima-nakliye-firmasi\/"},"wordCount":924,"publisher":{"@id":"https:\/\/emniyetnakliyat.com\/nigde\/#organization"},"keywords":["Ni\u011fde E\u015fya Ta\u015f\u0131ma Fiyatlar\u0131","Ni\u011fde nakliye Fiyatlar\u0131","Ni\u011fde Ta\u015f\u0131ma Fiyatlar\u0131"],"articleSection":["N\u0130\u011eDE EVDEN EVE NAKL\u0130YAT"],"inLanguage":"tr"},{"@type":"WebPage","@id":"https:\/\/emniyetnakliyat.com\/nigde\/nigde-esya-tasima-nakliye-firmasi\/","url":"https:\/\/emniyetnakliyat.com\/nigde\/nigde-esya-tasima-nakliye-firmasi\/","name":"Ni\u011fde E\u015fya Ta\u015f\u0131ma Nakliye Firmas\u0131","isPartOf":{"@id":"https:\/\/emniyetnakliyat.com\/nigde\/#website"},"datePublished":"2026-01-26T16:23:01+00:00","dateModified":"2026-04-24T09:42:14+00:00","description":"Ni\u011fde E\u015fya Ta\u015f\u0131ma Nakliye Firmas\u0131 Ni\u011fde evden eve nakliyat hizmetimiz kapsam\u0131nda ta\u015f\u0131nma s\u00fcrecinin her a\u015famas\u0131n\u0131 titizlikle planl\u0131yoruz.","breadcrumb":{"@id":"https:\/\/emniyetnakliyat.com\/nigde\/nigde-esya-tasima-nakliye-firmasi\/#breadcrumb"},"inLanguage":"tr","potentialAction":[{"@type":"ReadAction","target":["https:\/\/emniyetnakliyat.com\/nigde\/nigde-esya-tasima-nakliye-firmasi\/"]}]},{"@type":"BreadcrumbList","@id":"https:\/\/emniyetnakliyat.com\/nigde\/nigde-esya-tasima-nakliye-firmasi\/#breadcrumb","itemListElement":[{"@type":"ListItem","position":1,"name":"Anasayfa","item":"https:\/\/emniyetnakliyat.com\/nigde\/"},{"@type":"ListItem","position":2,"name":"Ni\u011fde E\u015fya Ta\u015f\u0131ma Nakliye Firmas\u0131"}]},{"@type":"WebSite","@id":"https:\/\/emniyetnakliyat.com\/nigde\/#website","url":"https:\/\/emniyetnakliyat.com\/nigde\/","name":"Kayseri Evden Eve Nakliyat","description":"Ni\u011fde Evden Eve","publisher":{"@id":"https:\/\/emniyetnakliyat.com\/nigde\/#organization"},"alternateName":"Kayseri Nakliyat","potentialAction":[{"@type":"SearchAction","target":{"@type":"EntryPoint","urlTemplate":"https:\/\/emniyetnakliyat.com\/nigde\/?s={search_term_string}"},"query-input":{"@type":"PropertyValueSpecification","valueRequired":true,"valueName":"search_term_string"}}],"inLanguage":"tr"},{"@type":"Organization","@id":"https:\/\/emniyetnakliyat.com\/nigde\/#organization","name":"Kayseri Emniyet Evden Eve Nakliyat","alternateName":"Kayseri Evden Eve Nakliyat","url":"https:\/\/emniyetnakliyat.com\/nigde\/","logo":{"@type":"ImageObject","inLanguage":"tr","@id":"https:\/\/emniyetnakliyat.com\/nigde\/#\/schema\/logo\/image\/","url":"https:\/\/emniyetnakliyat.com\/nigde\/wp-content\/uploads\/sites\/5\/2025\/07\/iltisim-kamyon-resimi-evden-eve-nakliyat.jpg","contentUrl":"https:\/\/emniyetnakliyat.com\/nigde\/wp-content\/uploads\/sites\/5\/2025\/07\/iltisim-kamyon-resimi-evden-eve-nakliyat.jpg","width":330,"height":295,"caption":"Kayseri Emniyet Evden Eve Nakliyat"},"image":{"@id":"https:\/\/emniyetnakliyat.com\/nigde\/#\/schema\/logo\/image\/"}},{"@type":"Person","@id":"https:\/\/emniyetnakliyat.com\/nigde\/#\/schema\/person\/cae47676b1897faa81eb1abdb4966ab7","name":"dursun","image":{"@type":"ImageObject","inLanguage":"tr","@id":"https:\/\/secure.gravatar.com\/avatar\/00d536440383b6da8bc49cec7f82c5ab521a2fe088fc11011f31694a92c84d45?s=96&d=mm&r=g","url":"https:\/\/secure.gravatar.com\/avatar\/00d536440383b6da8bc49cec7f82c5ab521a2fe088fc11011f31694a92c84d45?s=96&d=mm&r=g","contentUrl":"https:\/\/secure.gravatar.com\/avatar\/00d536440383b6da8bc49cec7f82c5ab521a2fe088fc11011f31694a92c84d45?s=96&d=mm&r=g","caption":"dursun"},"description":"## \u2753 Nakliyat ile \u0130lgili S\u0131k\u00e7a Sorulan Sorular ### 1. **Evden eve nakliyat nedir?** Evden eve nakliyat, e\u015fyalar\u0131n\u0131z\u0131n mevcut adresinizden al\u0131narak yeni adresinize g\u00fcvenli ve d\u00fczenli bir \u015fekilde ta\u015f\u0131nmas\u0131 i\u015flemidir. Paketleme, ta\u015f\u0131ma, montaj ve yerle\u015ftirme gibi a\u015famalar\u0131 kapsar. --- ### 2. **Ta\u015f\u0131nmadan ne kadar s\u00fcre \u00f6nce rezervasyon yapt\u0131rmal\u0131y\u0131m?** Ta\u015f\u0131nma tarihinden en az 3-7 g\u00fcn \u00f6nce firmam\u0131zla ileti\u015fime ge\u00e7meniz, uygun zaman ve ekip planlamas\u0131 a\u00e7\u0131s\u0131ndan \u00f6nemlidir. Yo\u011fun d\u00f6nemlerde daha erken rezervasyon \u00f6nerilir. --- ### 3. **E\u015fyalar\u0131m ta\u015f\u0131n\u0131rken sigorta yap\u0131l\u0131yor mu?** Evet, Emniyet Nakliyat olarak t\u00fcm \u015fehir i\u00e7i ve \u015fehirler aras\u0131 ta\u015f\u0131malar\u0131m\u0131zda sigortal\u0131 nakliyat hizmeti sunuyoruz. Olas\u0131 zararlar sigorta kapsam\u0131nda kar\u015f\u0131lan\u0131r. --- ### 4. **Ambalajlama hizmeti sunuyor musunuz?** Kesinlikle. T\u00fcm e\u015fyalar\u0131n\u0131z, \u00e7izilme, k\u0131r\u0131lma veya ezilmelere kar\u015f\u0131 \u00f6zel ambalaj malzemeleri kullan\u0131larak profesyonelce paketlenir. --- ### 5. **Mobilyalar\u0131n montaj ve demontaj i\u015flemleri yap\u0131l\u0131r m\u0131?** Evet. Marangoz ekibimiz b\u00fcy\u00fck mobilyalar\u0131n\u0131z\u0131 ta\u015f\u0131madan \u00f6nce s\u00f6ker, yeni evinizde tekrar kurulumunu yapar. --- ### 6. **Asans\u00f6rl\u00fc ta\u015f\u0131ma hizmetiniz var m\u0131?** Evet, y\u00fcksek katl\u0131 binalarda bina i\u00e7i riski ortadan kald\u0131rmak i\u00e7in d\u0131\u015f cephe asans\u00f6rl\u00fc ta\u015f\u0131ma hizmeti sunmaktay\u0131z. --- ### 7. **Ta\u015f\u0131nma i\u015flemi hangi saatlerde ba\u015fl\u0131yor?** Genellikle sabah erken saatlerde (07:00 - 09:00 aras\u0131) ta\u015f\u0131ma ba\u015flat\u0131l\u0131r. Ancak m\u00fc\u015fteri talebine g\u00f6re saat esnekli\u011fi sa\u011flanabilir. --- ### 8. **Ta\u015f\u0131ma s\u00fcresi ne kadar s\u00fcrer?** Ta\u015f\u0131ma s\u00fcresi e\u015fya miktar\u0131na, kat say\u0131s\u0131na ve gidilecek mesafeye ba\u011fl\u0131 olarak de\u011fi\u015fir. Genellikle \u015fehir i\u00e7i ta\u015f\u0131malar ayn\u0131 g\u00fcn i\u00e7erisinde tamamlan\u0131r. --- ### 9. **Nakliyat fiyatlar\u0131 nas\u0131l belirleniyor?** Fiyatland\u0131rma; e\u015fya yo\u011funlu\u011fu, kat durumu, mesafe, asans\u00f6r ihtiyac\u0131 ve ek hizmetlere g\u00f6re belirlenir. \u00dccretsiz ekspertiz hizmeti ile net fiyat teklifi sunulur. --- ### 10. **\u015eehirler aras\u0131 ta\u015f\u0131mac\u0131l\u0131k yap\u0131yor musunuz?** Evet. T\u00fcrkiye\u2019nin 81 iline profesyonel \u015fehirler aras\u0131 ta\u015f\u0131mac\u0131l\u0131k hizmeti sunmaktay\u0131z. --- ### 11. **Ta\u015f\u0131ma g\u00fcn\u00fc evde bulunmam \u015fart m\u0131?** Tercihen ev sahibi ya da yetkili bir ki\u015finin ta\u015f\u0131ma g\u00fcn\u00fc adreste bulunmas\u0131, s\u00fcrecin sa\u011fl\u0131kl\u0131 ilerlemesi a\u00e7\u0131s\u0131ndan \u00f6nemlidir. --- ### 12. **K\u0131r\u0131lacak e\u015fyalar i\u00e7in \u00f6zel koruma sa\u011flan\u0131yor mu?** Evet. Cam, porselen ve elektronik gibi hassas e\u015fyalar i\u00e7in ekstra korumal\u0131 ambalaj ve \u00f6zel kolileme sistemi uygulan\u0131r. --- ### 13. **E\u015fyalar\u0131m hangi ara\u00e7larla ta\u015f\u0131n\u0131yor?** E\u015fyalar\u0131n\u0131z, ta\u015f\u0131ma hacmine uygun b\u00fcy\u00fckl\u00fckte kapal\u0131 kasa, yast\u0131kl\u0131 ve sabitleme sistemli \u00f6zel nakliye ara\u00e7lar\u0131m\u0131zla ta\u015f\u0131n\u0131r. --- ### 14. **E\u015fyalar\u0131m\u0131 ge\u00e7ici olarak depolayabilir miyim?** Elbette. K\u0131sa veya uzun s\u00fcreli e\u015fya depolama \u00e7\u00f6z\u00fcmlerimizle, e\u015fyalar\u0131n\u0131z\u0131 g\u00fcvenli ortamlarda muhafaza ediyoruz. --- ### 15. **Nakliye hizmetiniz haftan\u0131n her g\u00fcn\u00fc a\u00e7\u0131k m\u0131?** Evet. Hafta i\u00e7i ve hafta sonu dahil olmak \u00fczere, talepler do\u011frultusunda her g\u00fcn hizmet vermekteyiz. -","sameAs":["https:\/\/emniyetnakliyat.com"]}]}},"_links":{"self":[{"href":"https:\/\/emniyetnakliyat.com\/nigde\/wp-json\/wp\/v2\/posts\/91","targetHints":{"allow":["GET"]}}],"collection":[{"href":"https:\/\/emniyetnakliyat.com\/nigde\/wp-json\/wp\/v2\/posts"}],"about":[{"href":"https:\/\/emniyetnakliyat.com\/nigde\/wp-json\/wp\/v2\/types\/post"}],"author":[{"embeddable":true,"href":"https:\/\/emniyetnakliyat.com\/nigde\/wp-json\/wp\/v2\/users\/1"}],"replies":[{"embeddable":true,"href":"https:\/\/emniyetnakliyat.com\/nigde\/wp-json\/wp\/v2\/comments?post=91"}],"version-history":[{"count":1,"href":"https:\/\/emniyetnakliyat.com\/nigde\/wp-json\/wp\/v2\/posts\/91\/revisions"}],"predecessor-version":[{"id":97,"href":"https:\/\/emniyetnakliyat.com\/nigde\/wp-json\/wp\/v2\/posts\/91\/revisions\/97"}],"wp:attachment":[{"href":"https:\/\/emniyetnakliyat.com\/nigde\/wp-json\/wp\/v2\/media?parent=91"}],"wp:term":[{"taxonomy":"category","embeddable":true,"href":"https:\/\/emniyetnakliyat.com\/nigde\/wp-json\/wp\/v2\/categories?post=91"},{"taxonomy":"post_tag","embeddable":true,"href":"https:\/\/emniyetnakliyat.com\/nigde\/wp-json\/wp\/v2\/tags?post=91"}],"curies":[{"name":"wp","href":"https:\/\/api.w.org\/{rel}","templated":true}]}}