{"id":83,"date":"2025-07-19T21:12:14","date_gmt":"2025-07-19T18:12:14","guid":{"rendered":"https:\/\/emniyetnakliyat.com\/nigde\/?p=83"},"modified":"2026-04-24T12:42:14","modified_gmt":"2026-04-24T09:42:14","slug":"nigde-sehirlerarasi-nakliyat-ucretleri","status":"publish","type":"post","link":"https:\/\/emniyetnakliyat.com\/nigde\/nigde-sehirlerarasi-nakliyat-ucretleri\/","title":{"rendered":"\ud83d\udcb8Ni\u011fde \u015eehirleraras\u0131 Nakliyat \u00dccretleri"},"content":{"rendered":"\n<h2 class=\"wp-block-heading\">\ud83d\udcb8 Ni\u011fde \u015eehirleraras\u0131 Nakliyat \u00dccretleri <\/h2>\n\n\n\n<p>Ni\u011fde \u015eehirleraras\u0131 Nakliyat \u00dccretleri&#8217;,&#8217; \u015eehir de\u011fi\u015ftirmek isteyenler i\u00e7in ta\u015f\u0131nma s\u00fcrecinin en kritik noktalar\u0131ndan biri hi\u00e7 \u015f\u00fcphesiz <strong>nakliyat \u00fccretleri<\/strong>dir. Ni\u011fde \u015fehirleraras\u0131 evden eve nakliyat fiyatlar\u0131, ta\u015f\u0131nma plan\u0131 yapan bireyler i\u00e7in hem ekonomik hem de g\u00fcvenli bir \u00e7\u00f6z\u00fcm aray\u0131\u015f\u0131n\u0131 g\u00fcndeme getirir. Emniyet Nakliyat olarak sizlere en uygun fiyatlarla, kaliteli hizmet sunmay\u0131 ama\u00e7l\u0131yoruz.<\/p>\n\n\n\n<hr class=\"wp-block-separator has-alpha-channel-opacity\"\/>\n\n\n\n<h3 class=\"wp-block-heading\">\ud83e\uddfe Nakliyat \u00dccretlerini Belirleyen Fakt\u00f6rler Nelerdir?<\/h3>\n\n\n\n<p>Ni\u011fde \u00e7\u0131k\u0131\u015fl\u0131 \u015fehirleraras\u0131 nakliyat \u00fccretleri bir\u00e7ok de\u011fi\u015fkene g\u00f6re hesaplanmaktad\u0131r. \u0130\u015fte temel belirleyici fakt\u00f6rler:<\/p>\n\n\n\n<ul class=\"wp-block-list\">\n<li><strong>Gidilecek \u015fehir ile Ni\u011fde aras\u0131ndaki mesafe (km)<\/strong><\/li>\n\n\n\n<li><strong>Ta\u015f\u0131nacak evin oda say\u0131s\u0131 (1+1, 2+1, 3+1 vb.)<\/strong><\/li>\n\n\n\n<li><strong>Ta\u015f\u0131n\u0131lan binalar\u0131n kat say\u0131s\u0131 ve asans\u00f6r durumu<\/strong><\/li>\n\n\n\n<li><strong>Paketleme ve marangoz hizmeti gibi ek hizmetler<\/strong><\/li>\n\n\n\n<li><strong>E\u015fyalar\u0131n hacmi ve a\u011f\u0131rl\u0131\u011f\u0131<\/strong><\/li>\n\n\n\n<li><strong>Mevsimsel yo\u011funluk (\u00f6zellikle yaz aylar\u0131nda art\u0131\u015f g\u00f6sterir)<\/strong><\/li>\n<\/ul>\n\n\n\n<p>T\u00fcm bu kriterler, \u015fehirleraras\u0131 ta\u015f\u0131mac\u0131l\u0131k \u00fccretlerinde de\u011fi\u015fikli\u011fe neden olabilir. Ancak genel olarak ortalama fiyat aral\u0131klar\u0131 a\u015fa\u011f\u0131daki gibidir.<\/p>\n\n\n\n<hr class=\"wp-block-separator has-alpha-channel-opacity\"\/>\n\n\n\n<h3 class=\"wp-block-heading\">\ud83d\udcca 2025 Ni\u011fde \u00c7\u0131k\u0131\u015fl\u0131 \u015eehirleraras\u0131 Nakliyat Ortalama \u00dccret Tablosu<\/h3>\n\n\n\n<figure class=\"wp-block-table\"><table class=\"has-fixed-layout\"><thead><tr><th>Hedef \u015eehir<\/th><th>Mesafe (km)<\/th><th>1+1 Ev<\/th><th>2+1 Ev<\/th><th>3+1 Ev<\/th><th>Ortalama S\u00fcre<\/th><\/tr><\/thead><tbody><tr><td>Ankara<\/td><td>345 km<\/td><td>33.000 TL<\/td><td>38.500 TL<\/td><td>42.000 TL<\/td><td>Ayn\u0131 G\u00fcn<\/td><\/tr><tr><td>\u0130stanbul<\/td><td>740 km<\/td><td>40.000 TL<\/td><td>45.000 TL<\/td><td>50.500 TL<\/td><td>1 G\u00fcn<\/td><\/tr><tr><td>\u0130zmir<\/td><td>770 km<\/td><td>40.500 TL<\/td><td>45.500 TL<\/td><td>50.000 TL<\/td><td>1 G\u00fcn<\/td><\/tr><tr><td>Kayseri<\/td><td>130 km<\/td><td>20.000 TL<\/td><td>25.000 TL<\/td><td>30.000 TL<\/td><td>Ayn\u0131 G\u00fcn<\/td><\/tr><tr><td>Konya<\/td><td>280 km<\/td><td>28.500 TL<\/td><td>33.000 TL<\/td><td>40.500 TL<\/td><td>Ayn\u0131 G\u00fcn<\/td><\/tr><tr><td>Mersin<\/td><td>320 km<\/td><td>35.500 TL<\/td><td>40.000 TL<\/td><td>45.800 TL<\/td><td>Ayn\u0131 G\u00fcn<\/td><\/tr><tr><td>Antalya<\/td><td>600 km<\/td><td>40.000 TL<\/td><td>45.000 TL<\/td><td>50.000 TL<\/td><td>1 G\u00fcn<\/td><\/tr><tr><td>Gaziantep<\/td><td>400 km<\/td><td>40.500 TL<\/td><td>45.000 TL<\/td><td>50.000 TL<\/td><td>Ayn\u0131 G\u00fcn<\/td><\/tr><tr><td>Bursa<\/td><td>680 km<\/td><td>40.000 TL<\/td><td>45.000 TL<\/td><td>50.500 TL<\/td><td>1 G\u00fcn<\/td><\/tr><tr><td>Adana<\/td><td>310 km<\/td><td>33.500 TL<\/td><td>36.000 TL<\/td><td>42.500 TL<\/td><td>Ayn\u0131 G\u00fcn<\/td><\/tr><\/tbody><\/table><\/figure>\n\n\n\n<blockquote class=\"wp-block-quote is-layout-flow wp-block-quote-is-layout-flow\">\n<p>\ud83d\udccc Not: Bu fiyatlar 2025 y\u0131l\u0131 ortalama piyasa verilerine g\u00f6re haz\u0131rlanm\u0131\u015f olup, net \u00fccret i\u00e7in firmam\u0131zdan <strong>\u00fccretsiz ekspertiz<\/strong> talep etmeniz \u00f6nerilir.<\/p>\n<\/blockquote>\n\n\n\n<hr class=\"wp-block-separator has-alpha-channel-opacity\"\/>\n\n\n\n<h3 class=\"wp-block-heading\">\u2705 Emniyet Nakliyat\u2019ta \u015eeffaf ve Sabit Fiyat Garantisi<\/h3>\n\n\n\n<p>Bizimle \u00e7al\u0131\u015ft\u0131\u011f\u0131n\u0131zda s\u00fcrpriz \u00fccretlerle kar\u015f\u0131la\u015fmazs\u0131n\u0131z. \u00d6nceden yap\u0131lan ekspertizle birlikte net fiyat belirlenir. E\u015fyan\u0131z\u0131n miktar\u0131na ve gidilecek mesafeye g\u00f6re size \u00f6zel <strong>en uygun fiyat teklifi<\/strong> sunulur. Ayr\u0131ca:<\/p>\n\n\n\n<p><\/p>\n\n\n\n<p><strong>Ambalajlama, montaj ve kurulum<\/strong><\/p>\n\n\n\n<ul class=\"wp-block-list\">\n<li><strong>Asans\u00f6rl\u00fc ta\u015f\u0131ma sistemi<\/strong><\/li>\n\n\n\n<li><strong>Kapal\u0131 kasa ara\u00e7 filosu<\/strong> ile kusursuz ta\u015f\u0131mac\u0131l\u0131k sa\u011flan\u0131r.<\/li>\n<\/ul>\n\n\n\n<hr class=\"wp-block-separator has-alpha-channel-opacity\"\/>\n\n\n\n<h3 class=\"wp-block-heading\">\ud83d\udd50 \u015eehirleraras\u0131 Nakliyat Ne Kadar S\u00fcrer?<\/h3>\n\n\n\n<p>Ni\u011fde \u00e7\u0131k\u0131\u015fl\u0131 ta\u015f\u0131ma i\u015flemleri genellikle <strong>ayn\u0131 g\u00fcn i\u00e7inde<\/strong> tamamlan\u0131r. Ancak uzak iller i\u00e7in gece \u00e7\u0131k\u0131\u015fl\u0131 sistem uygulanarak ta\u015f\u0131ma <strong>1-2 g\u00fcn<\/strong> i\u00e7inde ger\u00e7ekle\u015ftirilir.<br>B\u00f6ylece e\u015fyalar\u0131n\u0131z zaman\u0131nda ve g\u00fcvenli \u015fekilde yeni adresinize ula\u015f\u0131r.<\/p>\n\n\n\n<hr class=\"wp-block-separator has-alpha-channel-opacity\"\/>\n\n\n\n<h2 class=\"wp-block-heading\">\ud83d\udcde Hemen \u00dccretsiz Fiyat Teklifi Al\u0131n!<\/h2>\n\n\n\n<p>Ev ta\u015f\u0131man\u0131n maliyetini en aza indirmek ve g\u00fcvenle ta\u015f\u0131nmak i\u00e7in do\u011fru yerdesiniz.<br>Emniyet Nakliyat ile <strong>ekonomik<\/strong>, ve <strong>planl\u0131 bir \u015fehirleraras\u0131 ta\u015f\u0131nma<\/strong> deneyimi sizi bekliyor.<\/p>\n\n\n\n<p>\ud83d\udc49 Hemen <a href=\"https:\/\/emniyetnakliyat.com\/\">web sitemizden<\/a> bize ula\u015f\u0131n ve \u00fccretsiz ekspertiz talep edin.<\/p>\n\n\n\n<hr class=\"wp-block-separator has-alpha-channel-opacity\"\/>\n\n\n\n<p><\/p>\n","protected":false},"excerpt":{"rendered":"<p>\ud83d\udcb8 Ni\u011fde \u015eehirleraras\u0131 Nakliyat \u00dccretleri Ni\u011fde \u015eehirleraras\u0131 Nakliyat \u00dccretleri&#8217;,&#8217; \u015eehir de\u011fi\u015ftirmek isteyenler i\u00e7in ta\u015f\u0131nma s\u00fcrecinin en kritik noktalar\u0131ndan biri hi\u00e7 \u015f\u00fcphesiz nakliyat \u00fccretleridir. Ni\u011fde \u015fehirleraras\u0131 evden eve nakliyat fiyatlar\u0131, ta\u015f\u0131nma plan\u0131 yapan bireyler i\u00e7in hem ekonomik hem de g\u00fcvenli bir \u00e7\u00f6z\u00fcm aray\u0131\u015f\u0131n\u0131 g\u00fcndeme getirir. Emniyet Nakliyat olarak sizlere en uygun fiyatlarla, kaliteli hizmet sunmay\u0131 ama\u00e7l\u0131yoruz. [&hellip;]<\/p>\n","protected":false},"author":1,"featured_media":0,"comment_status":"closed","ping_status":"0","sticky":false,"template":"","format":"standard","meta":{"footnotes":""},"categories":[1],"tags":[],"class_list":["post-83","post","type-post","status-publish","format-standard","hentry","category-nigde-evden-eve-nakliyat"],"yoast_head":"<!-- This site is optimized with the Yoast SEO plugin v27.4 - https:\/\/yoast.com\/product\/yoast-seo-wordpress\/ -->\n<title>\ud83d\udcb8Ni\u011fde \u015eehirleraras\u0131 Nakliyat \u00dccretleri - N\u0130\u011eDE EVDEN EVE NAKL\u0130YAT<\/title>\n<meta name=\"description\" content=\"Ni\u011fde \u015eehirleraras\u0131 Nakliyat \u00dccretleri nakliyat \u00fccretleridir. Ni\u011fde \u015fehirleraras\u0131 evden eve nakliyat fiyatlar\u0131,\" \/>\n<meta name=\"robots\" content=\"index, follow, max-snippet:-1, max-image-preview:large, max-video-preview:-1\" \/>\n<link rel=\"canonical\" href=\"https:\/\/emniyetnakliyat.com\/nigde\/nigde-sehirlerarasi-nakliyat-ucretleri\/\" \/>\n<meta property=\"og:locale\" content=\"tr_TR\" \/>\n<meta property=\"og:type\" content=\"article\" \/>\n<meta property=\"og:title\" content=\"\ud83d\udcb8Ni\u011fde \u015eehirleraras\u0131 Nakliyat \u00dccretleri - N\u0130\u011eDE EVDEN EVE NAKL\u0130YAT\" \/>\n<meta property=\"og:description\" content=\"Ni\u011fde \u015eehirleraras\u0131 Nakliyat \u00dccretleri nakliyat \u00fccretleridir. Ni\u011fde \u015fehirleraras\u0131 evden eve nakliyat fiyatlar\u0131,\" \/>\n<meta property=\"og:url\" content=\"https:\/\/emniyetnakliyat.com\/nigde\/nigde-sehirlerarasi-nakliyat-ucretleri\/\" \/>\n<meta property=\"og:site_name\" content=\"N\u0130\u011eDE EVDEN EVE NAKL\u0130YAT\" \/>\n<meta property=\"article:published_time\" content=\"2025-07-19T18:12:14+00:00\" \/>\n<meta property=\"article:modified_time\" content=\"2026-04-24T09:42:14+00:00\" \/>\n<meta property=\"og:image\" content=\"https:\/\/emniyetnakliyat.com\/nigde\/wp-content\/uploads\/sites\/5\/2025\/07\/iltisim-kamyon-resimi-evden-eve-nakliyat.jpg\" \/>\n\t<meta property=\"og:image:width\" content=\"330\" \/>\n\t<meta property=\"og:image:height\" content=\"295\" \/>\n\t<meta property=\"og:image:type\" content=\"image\/jpeg\" \/>\n<meta name=\"author\" content=\"dursun\" \/>\n<meta name=\"twitter:card\" content=\"summary_large_image\" \/>\n<meta name=\"twitter:label1\" content=\"Yazan:\" \/>\n\t<meta name=\"twitter:data1\" content=\"dursun\" \/>\n\t<meta name=\"twitter:label2\" content=\"Tahmini okuma s\u00fcresi\" \/>\n\t<meta name=\"twitter:data2\" content=\"3 dakika\" \/>\n<script type=\"application\/ld+json\" class=\"yoast-schema-graph\">{\"@context\":\"https:\\\/\\\/schema.org\",\"@graph\":[{\"@type\":\"Article\",\"@id\":\"https:\\\/\\\/emniyetnakliyat.com\\\/nigde\\\/nigde-sehirlerarasi-nakliyat-ucretleri\\\/#article\",\"isPartOf\":{\"@id\":\"https:\\\/\\\/emniyetnakliyat.com\\\/nigde\\\/nigde-sehirlerarasi-nakliyat-ucretleri\\\/\"},\"author\":{\"name\":\"dursun\",\"@id\":\"https:\\\/\\\/emniyetnakliyat.com\\\/nigde\\\/#\\\/schema\\\/person\\\/cae47676b1897faa81eb1abdb4966ab7\"},\"headline\":\"\ud83d\udcb8Ni\u011fde \u015eehirleraras\u0131 Nakliyat \u00dccretleri\",\"datePublished\":\"2025-07-19T18:12:14+00:00\",\"dateModified\":\"2026-04-24T09:42:14+00:00\",\"mainEntityOfPage\":{\"@id\":\"https:\\\/\\\/emniyetnakliyat.com\\\/nigde\\\/nigde-sehirlerarasi-nakliyat-ucretleri\\\/\"},\"wordCount\":478,\"publisher\":{\"@id\":\"https:\\\/\\\/emniyetnakliyat.com\\\/nigde\\\/#organization\"},\"articleSection\":[\"N\u0130\u011eDE EVDEN EVE NAKL\u0130YAT\"],\"inLanguage\":\"tr\"},{\"@type\":\"WebPage\",\"@id\":\"https:\\\/\\\/emniyetnakliyat.com\\\/nigde\\\/nigde-sehirlerarasi-nakliyat-ucretleri\\\/\",\"url\":\"https:\\\/\\\/emniyetnakliyat.com\\\/nigde\\\/nigde-sehirlerarasi-nakliyat-ucretleri\\\/\",\"name\":\"\ud83d\udcb8Ni\u011fde \u015eehirleraras\u0131 Nakliyat \u00dccretleri - N\u0130\u011eDE EVDEN EVE NAKL\u0130YAT\",\"isPartOf\":{\"@id\":\"https:\\\/\\\/emniyetnakliyat.com\\\/nigde\\\/#website\"},\"datePublished\":\"2025-07-19T18:12:14+00:00\",\"dateModified\":\"2026-04-24T09:42:14+00:00\",\"description\":\"Ni\u011fde \u015eehirleraras\u0131 Nakliyat \u00dccretleri nakliyat \u00fccretleridir. Ni\u011fde \u015fehirleraras\u0131 evden eve nakliyat fiyatlar\u0131,\",\"breadcrumb\":{\"@id\":\"https:\\\/\\\/emniyetnakliyat.com\\\/nigde\\\/nigde-sehirlerarasi-nakliyat-ucretleri\\\/#breadcrumb\"},\"inLanguage\":\"tr\",\"potentialAction\":[{\"@type\":\"ReadAction\",\"target\":[\"https:\\\/\\\/emniyetnakliyat.com\\\/nigde\\\/nigde-sehirlerarasi-nakliyat-ucretleri\\\/\"]}]},{\"@type\":\"BreadcrumbList\",\"@id\":\"https:\\\/\\\/emniyetnakliyat.com\\\/nigde\\\/nigde-sehirlerarasi-nakliyat-ucretleri\\\/#breadcrumb\",\"itemListElement\":[{\"@type\":\"ListItem\",\"position\":1,\"name\":\"Anasayfa\",\"item\":\"https:\\\/\\\/emniyetnakliyat.com\\\/nigde\\\/\"},{\"@type\":\"ListItem\",\"position\":2,\"name\":\"\ud83d\udcb8Ni\u011fde \u015eehirleraras\u0131 Nakliyat \u00dccretleri\"}]},{\"@type\":\"WebSite\",\"@id\":\"https:\\\/\\\/emniyetnakliyat.com\\\/nigde\\\/#website\",\"url\":\"https:\\\/\\\/emniyetnakliyat.com\\\/nigde\\\/\",\"name\":\"Kayseri Evden Eve Nakliyat\",\"description\":\"Ni\u011fde Evden Eve\",\"publisher\":{\"@id\":\"https:\\\/\\\/emniyetnakliyat.com\\\/nigde\\\/#organization\"},\"alternateName\":\"Kayseri Nakliyat\",\"potentialAction\":[{\"@type\":\"SearchAction\",\"target\":{\"@type\":\"EntryPoint\",\"urlTemplate\":\"https:\\\/\\\/emniyetnakliyat.com\\\/nigde\\\/?s={search_term_string}\"},\"query-input\":{\"@type\":\"PropertyValueSpecification\",\"valueRequired\":true,\"valueName\":\"search_term_string\"}}],\"inLanguage\":\"tr\"},{\"@type\":\"Organization\",\"@id\":\"https:\\\/\\\/emniyetnakliyat.com\\\/nigde\\\/#organization\",\"name\":\"Kayseri Emniyet Evden Eve Nakliyat\",\"alternateName\":\"Kayseri Evden Eve Nakliyat\",\"url\":\"https:\\\/\\\/emniyetnakliyat.com\\\/nigde\\\/\",\"logo\":{\"@type\":\"ImageObject\",\"inLanguage\":\"tr\",\"@id\":\"https:\\\/\\\/emniyetnakliyat.com\\\/nigde\\\/#\\\/schema\\\/logo\\\/image\\\/\",\"url\":\"https:\\\/\\\/emniyetnakliyat.com\\\/nigde\\\/wp-content\\\/uploads\\\/sites\\\/5\\\/2025\\\/07\\\/iltisim-kamyon-resimi-evden-eve-nakliyat.jpg\",\"contentUrl\":\"https:\\\/\\\/emniyetnakliyat.com\\\/nigde\\\/wp-content\\\/uploads\\\/sites\\\/5\\\/2025\\\/07\\\/iltisim-kamyon-resimi-evden-eve-nakliyat.jpg\",\"width\":330,\"height\":295,\"caption\":\"Kayseri Emniyet Evden Eve Nakliyat\"},\"image\":{\"@id\":\"https:\\\/\\\/emniyetnakliyat.com\\\/nigde\\\/#\\\/schema\\\/logo\\\/image\\\/\"}},{\"@type\":\"Person\",\"@id\":\"https:\\\/\\\/emniyetnakliyat.com\\\/nigde\\\/#\\\/schema\\\/person\\\/cae47676b1897faa81eb1abdb4966ab7\",\"name\":\"dursun\",\"image\":{\"@type\":\"ImageObject\",\"inLanguage\":\"tr\",\"@id\":\"https:\\\/\\\/secure.gravatar.com\\\/avatar\\\/00d536440383b6da8bc49cec7f82c5ab521a2fe088fc11011f31694a92c84d45?s=96&d=mm&r=g\",\"url\":\"https:\\\/\\\/secure.gravatar.com\\\/avatar\\\/00d536440383b6da8bc49cec7f82c5ab521a2fe088fc11011f31694a92c84d45?s=96&d=mm&r=g\",\"contentUrl\":\"https:\\\/\\\/secure.gravatar.com\\\/avatar\\\/00d536440383b6da8bc49cec7f82c5ab521a2fe088fc11011f31694a92c84d45?s=96&d=mm&r=g\",\"caption\":\"dursun\"},\"description\":\"## \u2753 Nakliyat ile \u0130lgili S\u0131k\u00e7a Sorulan Sorular ### 1. **Evden eve nakliyat nedir?** Evden eve nakliyat, e\u015fyalar\u0131n\u0131z\u0131n mevcut adresinizden al\u0131narak yeni adresinize g\u00fcvenli ve d\u00fczenli bir \u015fekilde ta\u015f\u0131nmas\u0131 i\u015flemidir. Paketleme, ta\u015f\u0131ma, montaj ve yerle\u015ftirme gibi a\u015famalar\u0131 kapsar. --- ### 2. **Ta\u015f\u0131nmadan ne kadar s\u00fcre \u00f6nce rezervasyon yapt\u0131rmal\u0131y\u0131m?** Ta\u015f\u0131nma tarihinden en az 3-7 g\u00fcn \u00f6nce firmam\u0131zla ileti\u015fime ge\u00e7meniz, uygun zaman ve ekip planlamas\u0131 a\u00e7\u0131s\u0131ndan \u00f6nemlidir. Yo\u011fun d\u00f6nemlerde daha erken rezervasyon \u00f6nerilir. --- ### 3. **E\u015fyalar\u0131m ta\u015f\u0131n\u0131rken sigorta yap\u0131l\u0131yor mu?** Evet, Emniyet Nakliyat olarak t\u00fcm \u015fehir i\u00e7i ve \u015fehirler aras\u0131 ta\u015f\u0131malar\u0131m\u0131zda sigortal\u0131 nakliyat hizmeti sunuyoruz. Olas\u0131 zararlar sigorta kapsam\u0131nda kar\u015f\u0131lan\u0131r. --- ### 4. **Ambalajlama hizmeti sunuyor musunuz?** Kesinlikle. T\u00fcm e\u015fyalar\u0131n\u0131z, \u00e7izilme, k\u0131r\u0131lma veya ezilmelere kar\u015f\u0131 \u00f6zel ambalaj malzemeleri kullan\u0131larak profesyonelce paketlenir. --- ### 5. **Mobilyalar\u0131n montaj ve demontaj i\u015flemleri yap\u0131l\u0131r m\u0131?** Evet. Marangoz ekibimiz b\u00fcy\u00fck mobilyalar\u0131n\u0131z\u0131 ta\u015f\u0131madan \u00f6nce s\u00f6ker, yeni evinizde tekrar kurulumunu yapar. --- ### 6. **Asans\u00f6rl\u00fc ta\u015f\u0131ma hizmetiniz var m\u0131?** Evet, y\u00fcksek katl\u0131 binalarda bina i\u00e7i riski ortadan kald\u0131rmak i\u00e7in d\u0131\u015f cephe asans\u00f6rl\u00fc ta\u015f\u0131ma hizmeti sunmaktay\u0131z. --- ### 7. **Ta\u015f\u0131nma i\u015flemi hangi saatlerde ba\u015fl\u0131yor?** Genellikle sabah erken saatlerde (07:00 - 09:00 aras\u0131) ta\u015f\u0131ma ba\u015flat\u0131l\u0131r. Ancak m\u00fc\u015fteri talebine g\u00f6re saat esnekli\u011fi sa\u011flanabilir. --- ### 8. **Ta\u015f\u0131ma s\u00fcresi ne kadar s\u00fcrer?** Ta\u015f\u0131ma s\u00fcresi e\u015fya miktar\u0131na, kat say\u0131s\u0131na ve gidilecek mesafeye ba\u011fl\u0131 olarak de\u011fi\u015fir. Genellikle \u015fehir i\u00e7i ta\u015f\u0131malar ayn\u0131 g\u00fcn i\u00e7erisinde tamamlan\u0131r. --- ### 9. **Nakliyat fiyatlar\u0131 nas\u0131l belirleniyor?** Fiyatland\u0131rma; e\u015fya yo\u011funlu\u011fu, kat durumu, mesafe, asans\u00f6r ihtiyac\u0131 ve ek hizmetlere g\u00f6re belirlenir. \u00dccretsiz ekspertiz hizmeti ile net fiyat teklifi sunulur. --- ### 10. **\u015eehirler aras\u0131 ta\u015f\u0131mac\u0131l\u0131k yap\u0131yor musunuz?** Evet. T\u00fcrkiye\u2019nin 81 iline profesyonel \u015fehirler aras\u0131 ta\u015f\u0131mac\u0131l\u0131k hizmeti sunmaktay\u0131z. --- ### 11. **Ta\u015f\u0131ma g\u00fcn\u00fc evde bulunmam \u015fart m\u0131?** Tercihen ev sahibi ya da yetkili bir ki\u015finin ta\u015f\u0131ma g\u00fcn\u00fc adreste bulunmas\u0131, s\u00fcrecin sa\u011fl\u0131kl\u0131 ilerlemesi a\u00e7\u0131s\u0131ndan \u00f6nemlidir. --- ### 12. **K\u0131r\u0131lacak e\u015fyalar i\u00e7in \u00f6zel koruma sa\u011flan\u0131yor mu?** Evet. Cam, porselen ve elektronik gibi hassas e\u015fyalar i\u00e7in ekstra korumal\u0131 ambalaj ve \u00f6zel kolileme sistemi uygulan\u0131r. --- ### 13. **E\u015fyalar\u0131m hangi ara\u00e7larla ta\u015f\u0131n\u0131yor?** E\u015fyalar\u0131n\u0131z, ta\u015f\u0131ma hacmine uygun b\u00fcy\u00fckl\u00fckte kapal\u0131 kasa, yast\u0131kl\u0131 ve sabitleme sistemli \u00f6zel nakliye ara\u00e7lar\u0131m\u0131zla ta\u015f\u0131n\u0131r. --- ### 14. **E\u015fyalar\u0131m\u0131 ge\u00e7ici olarak depolayabilir miyim?** Elbette. K\u0131sa veya uzun s\u00fcreli e\u015fya depolama \u00e7\u00f6z\u00fcmlerimizle, e\u015fyalar\u0131n\u0131z\u0131 g\u00fcvenli ortamlarda muhafaza ediyoruz. --- ### 15. **Nakliye hizmetiniz haftan\u0131n her g\u00fcn\u00fc a\u00e7\u0131k m\u0131?** Evet. Hafta i\u00e7i ve hafta sonu dahil olmak \u00fczere, talepler do\u011frultusunda her g\u00fcn hizmet vermekteyiz. -\",\"sameAs\":[\"https:\\\/\\\/emniyetnakliyat.com\"]}]}<\/script>\n<!-- \/ Yoast SEO plugin. -->","yoast_head_json":{"title":"\ud83d\udcb8Ni\u011fde \u015eehirleraras\u0131 Nakliyat \u00dccretleri - N\u0130\u011eDE EVDEN EVE NAKL\u0130YAT","description":"Ni\u011fde \u015eehirleraras\u0131 Nakliyat \u00dccretleri nakliyat \u00fccretleridir. Ni\u011fde \u015fehirleraras\u0131 evden eve nakliyat fiyatlar\u0131,","robots":{"index":"index","follow":"follow","max-snippet":"max-snippet:-1","max-image-preview":"max-image-preview:large","max-video-preview":"max-video-preview:-1"},"canonical":"https:\/\/emniyetnakliyat.com\/nigde\/nigde-sehirlerarasi-nakliyat-ucretleri\/","og_locale":"tr_TR","og_type":"article","og_title":"\ud83d\udcb8Ni\u011fde \u015eehirleraras\u0131 Nakliyat \u00dccretleri - N\u0130\u011eDE EVDEN EVE NAKL\u0130YAT","og_description":"Ni\u011fde \u015eehirleraras\u0131 Nakliyat \u00dccretleri nakliyat \u00fccretleridir. Ni\u011fde \u015fehirleraras\u0131 evden eve nakliyat fiyatlar\u0131,","og_url":"https:\/\/emniyetnakliyat.com\/nigde\/nigde-sehirlerarasi-nakliyat-ucretleri\/","og_site_name":"N\u0130\u011eDE EVDEN EVE NAKL\u0130YAT","article_published_time":"2025-07-19T18:12:14+00:00","article_modified_time":"2026-04-24T09:42:14+00:00","og_image":[{"width":330,"height":295,"url":"https:\/\/emniyetnakliyat.com\/nigde\/wp-content\/uploads\/sites\/5\/2025\/07\/iltisim-kamyon-resimi-evden-eve-nakliyat.jpg","type":"image\/jpeg"}],"author":"dursun","twitter_card":"summary_large_image","twitter_misc":{"Yazan:":"dursun","Tahmini okuma s\u00fcresi":"3 dakika"},"schema":{"@context":"https:\/\/schema.org","@graph":[{"@type":"Article","@id":"https:\/\/emniyetnakliyat.com\/nigde\/nigde-sehirlerarasi-nakliyat-ucretleri\/#article","isPartOf":{"@id":"https:\/\/emniyetnakliyat.com\/nigde\/nigde-sehirlerarasi-nakliyat-ucretleri\/"},"author":{"name":"dursun","@id":"https:\/\/emniyetnakliyat.com\/nigde\/#\/schema\/person\/cae47676b1897faa81eb1abdb4966ab7"},"headline":"\ud83d\udcb8Ni\u011fde \u015eehirleraras\u0131 Nakliyat \u00dccretleri","datePublished":"2025-07-19T18:12:14+00:00","dateModified":"2026-04-24T09:42:14+00:00","mainEntityOfPage":{"@id":"https:\/\/emniyetnakliyat.com\/nigde\/nigde-sehirlerarasi-nakliyat-ucretleri\/"},"wordCount":478,"publisher":{"@id":"https:\/\/emniyetnakliyat.com\/nigde\/#organization"},"articleSection":["N\u0130\u011eDE EVDEN EVE NAKL\u0130YAT"],"inLanguage":"tr"},{"@type":"WebPage","@id":"https:\/\/emniyetnakliyat.com\/nigde\/nigde-sehirlerarasi-nakliyat-ucretleri\/","url":"https:\/\/emniyetnakliyat.com\/nigde\/nigde-sehirlerarasi-nakliyat-ucretleri\/","name":"\ud83d\udcb8Ni\u011fde \u015eehirleraras\u0131 Nakliyat \u00dccretleri - N\u0130\u011eDE EVDEN EVE NAKL\u0130YAT","isPartOf":{"@id":"https:\/\/emniyetnakliyat.com\/nigde\/#website"},"datePublished":"2025-07-19T18:12:14+00:00","dateModified":"2026-04-24T09:42:14+00:00","description":"Ni\u011fde \u015eehirleraras\u0131 Nakliyat \u00dccretleri nakliyat \u00fccretleridir. Ni\u011fde \u015fehirleraras\u0131 evden eve nakliyat fiyatlar\u0131,","breadcrumb":{"@id":"https:\/\/emniyetnakliyat.com\/nigde\/nigde-sehirlerarasi-nakliyat-ucretleri\/#breadcrumb"},"inLanguage":"tr","potentialAction":[{"@type":"ReadAction","target":["https:\/\/emniyetnakliyat.com\/nigde\/nigde-sehirlerarasi-nakliyat-ucretleri\/"]}]},{"@type":"BreadcrumbList","@id":"https:\/\/emniyetnakliyat.com\/nigde\/nigde-sehirlerarasi-nakliyat-ucretleri\/#breadcrumb","itemListElement":[{"@type":"ListItem","position":1,"name":"Anasayfa","item":"https:\/\/emniyetnakliyat.com\/nigde\/"},{"@type":"ListItem","position":2,"name":"\ud83d\udcb8Ni\u011fde \u015eehirleraras\u0131 Nakliyat \u00dccretleri"}]},{"@type":"WebSite","@id":"https:\/\/emniyetnakliyat.com\/nigde\/#website","url":"https:\/\/emniyetnakliyat.com\/nigde\/","name":"Kayseri Evden Eve Nakliyat","description":"Ni\u011fde Evden Eve","publisher":{"@id":"https:\/\/emniyetnakliyat.com\/nigde\/#organization"},"alternateName":"Kayseri Nakliyat","potentialAction":[{"@type":"SearchAction","target":{"@type":"EntryPoint","urlTemplate":"https:\/\/emniyetnakliyat.com\/nigde\/?s={search_term_string}"},"query-input":{"@type":"PropertyValueSpecification","valueRequired":true,"valueName":"search_term_string"}}],"inLanguage":"tr"},{"@type":"Organization","@id":"https:\/\/emniyetnakliyat.com\/nigde\/#organization","name":"Kayseri Emniyet Evden Eve Nakliyat","alternateName":"Kayseri Evden Eve Nakliyat","url":"https:\/\/emniyetnakliyat.com\/nigde\/","logo":{"@type":"ImageObject","inLanguage":"tr","@id":"https:\/\/emniyetnakliyat.com\/nigde\/#\/schema\/logo\/image\/","url":"https:\/\/emniyetnakliyat.com\/nigde\/wp-content\/uploads\/sites\/5\/2025\/07\/iltisim-kamyon-resimi-evden-eve-nakliyat.jpg","contentUrl":"https:\/\/emniyetnakliyat.com\/nigde\/wp-content\/uploads\/sites\/5\/2025\/07\/iltisim-kamyon-resimi-evden-eve-nakliyat.jpg","width":330,"height":295,"caption":"Kayseri Emniyet Evden Eve Nakliyat"},"image":{"@id":"https:\/\/emniyetnakliyat.com\/nigde\/#\/schema\/logo\/image\/"}},{"@type":"Person","@id":"https:\/\/emniyetnakliyat.com\/nigde\/#\/schema\/person\/cae47676b1897faa81eb1abdb4966ab7","name":"dursun","image":{"@type":"ImageObject","inLanguage":"tr","@id":"https:\/\/secure.gravatar.com\/avatar\/00d536440383b6da8bc49cec7f82c5ab521a2fe088fc11011f31694a92c84d45?s=96&d=mm&r=g","url":"https:\/\/secure.gravatar.com\/avatar\/00d536440383b6da8bc49cec7f82c5ab521a2fe088fc11011f31694a92c84d45?s=96&d=mm&r=g","contentUrl":"https:\/\/secure.gravatar.com\/avatar\/00d536440383b6da8bc49cec7f82c5ab521a2fe088fc11011f31694a92c84d45?s=96&d=mm&r=g","caption":"dursun"},"description":"## \u2753 Nakliyat ile \u0130lgili S\u0131k\u00e7a Sorulan Sorular ### 1. **Evden eve nakliyat nedir?** Evden eve nakliyat, e\u015fyalar\u0131n\u0131z\u0131n mevcut adresinizden al\u0131narak yeni adresinize g\u00fcvenli ve d\u00fczenli bir \u015fekilde ta\u015f\u0131nmas\u0131 i\u015flemidir. Paketleme, ta\u015f\u0131ma, montaj ve yerle\u015ftirme gibi a\u015famalar\u0131 kapsar. --- ### 2. **Ta\u015f\u0131nmadan ne kadar s\u00fcre \u00f6nce rezervasyon yapt\u0131rmal\u0131y\u0131m?** Ta\u015f\u0131nma tarihinden en az 3-7 g\u00fcn \u00f6nce firmam\u0131zla ileti\u015fime ge\u00e7meniz, uygun zaman ve ekip planlamas\u0131 a\u00e7\u0131s\u0131ndan \u00f6nemlidir. Yo\u011fun d\u00f6nemlerde daha erken rezervasyon \u00f6nerilir. --- ### 3. **E\u015fyalar\u0131m ta\u015f\u0131n\u0131rken sigorta yap\u0131l\u0131yor mu?** Evet, Emniyet Nakliyat olarak t\u00fcm \u015fehir i\u00e7i ve \u015fehirler aras\u0131 ta\u015f\u0131malar\u0131m\u0131zda sigortal\u0131 nakliyat hizmeti sunuyoruz. Olas\u0131 zararlar sigorta kapsam\u0131nda kar\u015f\u0131lan\u0131r. --- ### 4. **Ambalajlama hizmeti sunuyor musunuz?** Kesinlikle. T\u00fcm e\u015fyalar\u0131n\u0131z, \u00e7izilme, k\u0131r\u0131lma veya ezilmelere kar\u015f\u0131 \u00f6zel ambalaj malzemeleri kullan\u0131larak profesyonelce paketlenir. --- ### 5. **Mobilyalar\u0131n montaj ve demontaj i\u015flemleri yap\u0131l\u0131r m\u0131?** Evet. Marangoz ekibimiz b\u00fcy\u00fck mobilyalar\u0131n\u0131z\u0131 ta\u015f\u0131madan \u00f6nce s\u00f6ker, yeni evinizde tekrar kurulumunu yapar. --- ### 6. **Asans\u00f6rl\u00fc ta\u015f\u0131ma hizmetiniz var m\u0131?** Evet, y\u00fcksek katl\u0131 binalarda bina i\u00e7i riski ortadan kald\u0131rmak i\u00e7in d\u0131\u015f cephe asans\u00f6rl\u00fc ta\u015f\u0131ma hizmeti sunmaktay\u0131z. --- ### 7. **Ta\u015f\u0131nma i\u015flemi hangi saatlerde ba\u015fl\u0131yor?** Genellikle sabah erken saatlerde (07:00 - 09:00 aras\u0131) ta\u015f\u0131ma ba\u015flat\u0131l\u0131r. Ancak m\u00fc\u015fteri talebine g\u00f6re saat esnekli\u011fi sa\u011flanabilir. --- ### 8. **Ta\u015f\u0131ma s\u00fcresi ne kadar s\u00fcrer?** Ta\u015f\u0131ma s\u00fcresi e\u015fya miktar\u0131na, kat say\u0131s\u0131na ve gidilecek mesafeye ba\u011fl\u0131 olarak de\u011fi\u015fir. Genellikle \u015fehir i\u00e7i ta\u015f\u0131malar ayn\u0131 g\u00fcn i\u00e7erisinde tamamlan\u0131r. --- ### 9. **Nakliyat fiyatlar\u0131 nas\u0131l belirleniyor?** Fiyatland\u0131rma; e\u015fya yo\u011funlu\u011fu, kat durumu, mesafe, asans\u00f6r ihtiyac\u0131 ve ek hizmetlere g\u00f6re belirlenir. \u00dccretsiz ekspertiz hizmeti ile net fiyat teklifi sunulur. --- ### 10. **\u015eehirler aras\u0131 ta\u015f\u0131mac\u0131l\u0131k yap\u0131yor musunuz?** Evet. T\u00fcrkiye\u2019nin 81 iline profesyonel \u015fehirler aras\u0131 ta\u015f\u0131mac\u0131l\u0131k hizmeti sunmaktay\u0131z. --- ### 11. **Ta\u015f\u0131ma g\u00fcn\u00fc evde bulunmam \u015fart m\u0131?** Tercihen ev sahibi ya da yetkili bir ki\u015finin ta\u015f\u0131ma g\u00fcn\u00fc adreste bulunmas\u0131, s\u00fcrecin sa\u011fl\u0131kl\u0131 ilerlemesi a\u00e7\u0131s\u0131ndan \u00f6nemlidir. --- ### 12. **K\u0131r\u0131lacak e\u015fyalar i\u00e7in \u00f6zel koruma sa\u011flan\u0131yor mu?** Evet. Cam, porselen ve elektronik gibi hassas e\u015fyalar i\u00e7in ekstra korumal\u0131 ambalaj ve \u00f6zel kolileme sistemi uygulan\u0131r. --- ### 13. **E\u015fyalar\u0131m hangi ara\u00e7larla ta\u015f\u0131n\u0131yor?** E\u015fyalar\u0131n\u0131z, ta\u015f\u0131ma hacmine uygun b\u00fcy\u00fckl\u00fckte kapal\u0131 kasa, yast\u0131kl\u0131 ve sabitleme sistemli \u00f6zel nakliye ara\u00e7lar\u0131m\u0131zla ta\u015f\u0131n\u0131r. --- ### 14. **E\u015fyalar\u0131m\u0131 ge\u00e7ici olarak depolayabilir miyim?** Elbette. K\u0131sa veya uzun s\u00fcreli e\u015fya depolama \u00e7\u00f6z\u00fcmlerimizle, e\u015fyalar\u0131n\u0131z\u0131 g\u00fcvenli ortamlarda muhafaza ediyoruz. --- ### 15. **Nakliye hizmetiniz haftan\u0131n her g\u00fcn\u00fc a\u00e7\u0131k m\u0131?** Evet. Hafta i\u00e7i ve hafta sonu dahil olmak \u00fczere, talepler do\u011frultusunda her g\u00fcn hizmet vermekteyiz. -","sameAs":["https:\/\/emniyetnakliyat.com"]}]}},"_links":{"self":[{"href":"https:\/\/emniyetnakliyat.com\/nigde\/wp-json\/wp\/v2\/posts\/83","targetHints":{"allow":["GET"]}}],"collection":[{"href":"https:\/\/emniyetnakliyat.com\/nigde\/wp-json\/wp\/v2\/posts"}],"about":[{"href":"https:\/\/emniyetnakliyat.com\/nigde\/wp-json\/wp\/v2\/types\/post"}],"author":[{"embeddable":true,"href":"https:\/\/emniyetnakliyat.com\/nigde\/wp-json\/wp\/v2\/users\/1"}],"replies":[{"embeddable":true,"href":"https:\/\/emniyetnakliyat.com\/nigde\/wp-json\/wp\/v2\/comments?post=83"}],"version-history":[{"count":1,"href":"https:\/\/emniyetnakliyat.com\/nigde\/wp-json\/wp\/v2\/posts\/83\/revisions"}],"predecessor-version":[{"id":98,"href":"https:\/\/emniyetnakliyat.com\/nigde\/wp-json\/wp\/v2\/posts\/83\/revisions\/98"}],"wp:attachment":[{"href":"https:\/\/emniyetnakliyat.com\/nigde\/wp-json\/wp\/v2\/media?parent=83"}],"wp:term":[{"taxonomy":"category","embeddable":true,"href":"https:\/\/emniyetnakliyat.com\/nigde\/wp-json\/wp\/v2\/categories?post=83"},{"taxonomy":"post_tag","embeddable":true,"href":"https:\/\/emniyetnakliyat.com\/nigde\/wp-json\/wp\/v2\/tags?post=83"}],"curies":[{"name":"wp","href":"https:\/\/api.w.org\/{rel}","templated":true}]}}