{"id":88,"date":"2025-09-25T19:59:59","date_gmt":"2025-09-25T16:59:59","guid":{"rendered":"https:\/\/emniyetnakliyat.com\/nevsehir\/?p=88"},"modified":"2026-04-24T12:40:24","modified_gmt":"2026-04-24T09:40:24","slug":"nevsehir-evden-eve","status":"publish","type":"post","link":"https:\/\/emniyetnakliyat.com\/nevsehir\/nevsehir-evden-eve\/","title":{"rendered":"Nev\u015fehir Evden Eve"},"content":{"rendered":"\n<h2 class=\"wp-block-heading\">Nev\u015fehir Evden Eve<\/h2>\n\n\n\n<p>Emniyet Nakliyat olarak <strong>Nev\u015fehir evden eve nakliyat<\/strong> alan\u0131nda deneyimli ekibimiz, modern ara\u00e7 filomuz ve asans\u00f6rl\u00fc ta\u015f\u0131ma \u00e7\u00f6z\u00fcmlerimizle e\u015fyalar\u0131n\u0131z\u0131 g\u00fcvenle yeni adresinize ta\u015f\u0131yoruz. \u0130ster \u015fehir i\u00e7i ister \u015fehirleraras\u0131 ta\u015f\u0131nma olsun, planl\u0131 s\u00fcre\u00e7, profesyonel paketleme ve sigortal\u0131 hizmet ile ta\u015f\u0131nma stresini ortadan kald\u0131r\u0131yoruz.<\/p>\n\n\n\n<hr class=\"wp-block-separator has-alpha-channel-opacity\"\/>\n\n\n\n<h2 class=\"wp-block-heading\">Hizmetlerimiz (K\u0131sa \u2014 Net \u2014 Detayl\u0131)<\/h2>\n\n\n\n<ul class=\"wp-block-list\">\n<li><strong>Evden Eve Nakliyat:<\/strong> Her e\u015fyaya uygun ambalaj, hassas mobilya s\u00f6k\u00fcm-montaj\u0131 ve yerle\u015ftirme.<\/li>\n\n\n\n<li><strong>Asans\u00f6rl\u00fc Ta\u015f\u0131mac\u0131l\u0131k:<\/strong> Dar merdiven, y\u00fcksek kat gibi zorluklarda h\u0131zl\u0131 ve g\u00fcvenli \u00e7\u00f6z\u00fcmler.<\/li>\n\n\n\n<li><strong>\u015eehirleraras\u0131 Nakliye:<\/strong> Rotaya uygun planlama, zaman\u0131nda teslimat ve g\u00fcvenli y\u00fckleme.<\/li>\n\n\n\n<li><strong>Ofis Ta\u015f\u0131mac\u0131l\u0131\u011f\u0131:<\/strong> Teknik ekipman, dosya ar\u015fivleri ve mobilyalar\u0131n kesintisiz ta\u015f\u0131nmas\u0131.<\/li>\n\n\n\n<li><strong>Depolama &amp; E\u015fya Koruma:<\/strong> K\u0131sa veya uzun s\u00fcreli depolama \u00e7\u00f6z\u00fcmleri, nem ve darbelere kar\u015f\u0131 koruma.<\/li>\n<\/ul>\n\n\n\n<hr class=\"wp-block-separator has-alpha-channel-opacity\"\/>\n\n\n\n<h2 class=\"wp-block-heading\">Neden Emniyet Nakliyat?<\/h2>\n\n\n\n<ol class=\"wp-block-list\">\n<li><strong>Uzman Ekip:<\/strong> E\u011fitimli ta\u015f\u0131ma personeli ile hatas\u0131z uygulama.<\/li>\n\n\n\n<li><strong>Modern Ara\u00e7 &amp; Ekipman:<\/strong> Kapal\u0131 kasa ara\u00e7lar, asans\u00f6r platformlar\u0131 ve \u00f6zel ambalaj malzemeleri.<\/li>\n\n\n\n<li><strong>\u015eeffaf Fiyatland\u0131rma:<\/strong> S\u00fcrpriz ek \u00fccret olmadan, detayl\u0131 teklif.<\/li>\n\n\n\n<li><strong>Yerinde \u00dccretsiz Ekspertiz:<\/strong> Adrese gelerek e\u015fyalar\u0131n hacmi ve ta\u015f\u0131ma \u015fartlar\u0131 de\u011ferlendirilir.<\/li>\n\n\n\n<li><strong>H\u0131zl\u0131 \u0130leti\u015fim &amp; Destek:<\/strong> Planlama, ta\u015f\u0131ma ve sonras\u0131 destek.<\/li>\n\n\n\n<li><strong>Yerel Tecr\u00fcbe:<\/strong> Nev\u015fehir\u2019e ve \u00e7evresine \u00f6zel rota ve izin s\u00fcre\u00e7lerine hakimiyet.<\/li>\n<\/ol>\n\n\n\n<hr class=\"wp-block-separator has-alpha-channel-opacity\"\/>\n\n\n\n<h2 class=\"wp-block-heading\">Ta\u015f\u0131ma S\u00fcrecimiz \u2014 Ad\u0131m Ad\u0131m<\/h2>\n\n\n\n<ul class=\"wp-block-list\">\n<li><strong>1. Ke\u015fif &amp; Analiz:<\/strong> \u00dccretsiz ekspertiz ile e\u015fyalar\u0131n listelenmesi ve asans\u00f6r\/eri\u015fim kontrol\u00fc.<\/li>\n\n\n\n<li><strong>2. Teklif &amp; Onay:<\/strong> Detayl\u0131 yaz\u0131l\u0131 teklif ve ta\u015f\u0131ma s\u00f6zle\u015fmesi.<\/li>\n\n\n\n<li><strong>3. Paketleme:<\/strong> Mobilya, k\u0131r\u0131lacak e\u015fya ve beyaz e\u015fyalar i\u00e7in profesyonel ambalajlama.<\/li>\n\n\n\n<li><strong>4. Asans\u00f6r Kurulumu (gerekirse):<\/strong> Binaya uygun mobil asans\u00f6r yerle\u015ftirilir.<\/li>\n\n\n\n<li><strong>5. Ta\u015f\u0131ma &amp; Nakliye:<\/strong> G\u00fcvenli y\u00fckleme, sabitleme ve yeni adrese nakil.<\/li>\n\n\n\n<li><strong>6. Montaj &amp; Yerle\u015ftirme:<\/strong> Mobilya montaj\u0131 ve yerle\u015ftirme, son kontroller.<\/li>\n\n\n\n<li><strong>7. M\u00fc\u015fteri Onay\u0131:<\/strong> Teslim sonras\u0131 kontrol ve memnuniyet teyidi.<\/li>\n<\/ul>\n\n\n\n<hr class=\"wp-block-separator has-alpha-channel-opacity\"\/>\n\n\n\n<h2 class=\"wp-block-heading\">S\u0131k\u00e7a Sorulan Sorular (SEO dostu k\u0131sa cevaplar)<\/h2>\n\n\n\n<p><strong>Nev\u015fehir i\u00e7i ta\u015f\u0131malar ne kadar s\u00fcrer?<\/strong><br>Evin b\u00fcy\u00fckl\u00fc\u011f\u00fcne ve kat durumuna g\u00f6re de\u011fi\u015fir; genelde planlama ile 1\u20132 g\u00fcn i\u00e7inde tamamlan\u0131r.<\/p>\n\n\n\n<p><strong>Asans\u00f6rl\u00fc ta\u015f\u0131ma ek maliyet getirir mi?<\/strong><br>Asans\u00f6rl\u00fc ta\u015f\u0131ma, hasar\u0131 ve i\u015f g\u00fcc\u00fcn\u00fc azaltarak \u00e7o\u011fu zaman ekonomik bir tercihtir. Teklifte a\u00e7\u0131k\u00e7a belirtilir.<\/p>\n\n\n\n<p><strong>E\u015fyalar\u0131m sigortal\u0131 m\u0131 ta\u015f\u0131n\u0131yor?<\/strong><br>Evet, t\u00fcm ta\u015f\u0131malar\u0131m\u0131z sigorta kapsam\u0131ndad\u0131r; detaylar teklifte yer al\u0131r.<\/p>\n\n\n\n<p><strong>\u00dccretsiz ekspertiz nas\u0131l yap\u0131l\u0131r?<\/strong><br>Randevu ile adrese gelerek e\u015fya listesi, eri\u015fim ve asans\u00f6r gereksinimi de\u011ferlendirilir; teklif olu\u015fturulur.<\/p>\n\n\n\n<hr class=\"wp-block-separator has-alpha-channel-opacity\"\/>\n\n\n\n<h2 class=\"wp-block-heading\">Anahtar Kelime \u00d6nerileri (Sayfa i\u00e7inde do\u011fal da\u011f\u0131l\u0131m)<\/h2>\n\n\n\n<ul class=\"wp-block-list\">\n<li>Nev\u015fehir evden eve nakliyat<\/li>\n\n\n\n<li>Nev\u015fehir nakliye firmas\u0131<\/li>\n\n\n\n<li>Asans\u00f6rl\u00fc ta\u015f\u0131ma Nev\u015fehir<\/li>\n\n\n\n<li>Nev\u015fehir \u015fehirleraras\u0131 nakliyat<\/li>\n\n\n\n<li>Ev ta\u015f\u0131ma Nev\u015fehir<\/li>\n<\/ul>\n\n\n\n<p><strong>\u00d6nerilen kelime yo\u011funlu\u011fu:<\/strong> ana anahtar kelime i\u00e7in sayfa boyunca 8\u201312 kez do\u011fal \u015fekilde, alt anahtarlar 3\u20136 kez. (Anahtar kelime doldurmaktan ka\u00e7\u0131n\u0131n; i\u00e7erik anlaml\u0131 ve okunabilir olsun.)<\/p>\n\n\n\n<hr class=\"wp-block-separator has-alpha-channel-opacity\"\/>\n\n\n\n<h2 class=\"wp-block-heading\">\u00d6rnek Ba\u015fl\u0131klar &amp; <\/h2>\n\n\n\n<ul class=\"wp-block-list\">\n<li>H1: Nev\u015fehir Evden Eve Nakliyat \u2014 Emniyet Nakliyat<\/li>\n\n\n\n<li>H2: Profesyonel Asans\u00f6rl\u00fc Ta\u015f\u0131mac\u0131l\u0131k<\/li>\n\n\n\n<li>H2: Hizmetlerimiz<\/li>\n\n\n\n<li>H2: Ta\u015f\u0131ma S\u00fcrecimiz<\/li>\n\n\n\n<li>H2: Neden Bizi Se\u00e7melisiniz?<\/li>\n\n\n\n<li>H2: S\u0131k\u00e7a Sorulan Sorular<\/li>\n<\/ul>\n\n\n\n<hr class=\"wp-block-separator has-alpha-channel-opacity\"\/>\n\n\n\n<p><strong>\u00d6nerilen URL:<\/strong> <code>https:\/\/emniyetnakliyat.com\/<\/code><\/p>\n","protected":false},"excerpt":{"rendered":"<p>Nev\u015fehir Evden Eve Emniyet Nakliyat olarak Nev\u015fehir evden eve nakliyat alan\u0131nda deneyimli ekibimiz, modern ara\u00e7 filomuz ve asans\u00f6rl\u00fc ta\u015f\u0131ma \u00e7\u00f6z\u00fcmlerimizle e\u015fyalar\u0131n\u0131z\u0131 g\u00fcvenle yeni adresinize ta\u015f\u0131yoruz. \u0130ster \u015fehir i\u00e7i ister \u015fehirleraras\u0131 ta\u015f\u0131nma olsun, planl\u0131 s\u00fcre\u00e7, profesyonel paketleme ve sigortal\u0131 hizmet ile ta\u015f\u0131nma stresini ortadan kald\u0131r\u0131yoruz. Hizmetlerimiz (K\u0131sa \u2014 Net \u2014 Detayl\u0131) Neden Emniyet Nakliyat? Ta\u015f\u0131ma S\u00fcrecimiz [&hellip;]<\/p>\n","protected":false},"author":1,"featured_media":0,"comment_status":"closed","ping_status":"0","sticky":false,"template":"","format":"standard","meta":{"footnotes":""},"categories":[2],"tags":[],"class_list":["post-88","post","type-post","status-publish","format-standard","hentry","category-nevsehir-nakliyat"],"yoast_head":"<!-- This site is optimized with the Yoast SEO plugin v27.4 - https:\/\/yoast.com\/product\/yoast-seo-wordpress\/ -->\n<title>Nev\u015fehir Evden Eve Nakliyat | Emniyet Nakliyat \u2013Asans\u00f6rl\u00fc Ta\u015f\u0131ma<\/title>\n<meta name=\"description\" content=\"&quot;Nev\u015fehir evden eve nakliyat, asans\u00f6rl\u00fc ta\u015f\u0131ma, \u015fehirleraras\u0131 nakliye ve depolama hizmetleri.&quot;, evden eve nakliyat hizmeti. Asans\u00f6rl\u00fc ta\u015f\u0131ma,\" \/>\n<meta name=\"robots\" content=\"index, follow, max-snippet:-1, max-image-preview:large, max-video-preview:-1\" \/>\n<link rel=\"canonical\" href=\"https:\/\/emniyetnakliyat.com\/nevsehir\/nevsehir-evden-eve\/\" \/>\n<meta property=\"og:locale\" content=\"tr_TR\" \/>\n<meta property=\"og:type\" content=\"article\" \/>\n<meta property=\"og:title\" content=\"Nev\u015fehir Evden Eve Nakliyat | Emniyet Nakliyat \u2013Asans\u00f6rl\u00fc Ta\u015f\u0131ma\" \/>\n<meta property=\"og:description\" content=\"&quot;Nev\u015fehir evden eve nakliyat, asans\u00f6rl\u00fc ta\u015f\u0131ma, \u015fehirleraras\u0131 nakliye ve depolama hizmetleri.&quot;, evden eve nakliyat hizmeti. Asans\u00f6rl\u00fc ta\u015f\u0131ma,\" \/>\n<meta property=\"og:url\" content=\"https:\/\/emniyetnakliyat.com\/nevsehir\/nevsehir-evden-eve\/\" \/>\n<meta property=\"og:site_name\" content=\"Nev\u015fehir Evden Eve Nakliyat\" \/>\n<meta property=\"article:published_time\" content=\"2025-09-25T16:59:59+00:00\" \/>\n<meta property=\"article:modified_time\" content=\"2026-04-24T09:40:24+00:00\" \/>\n<meta property=\"og:image\" content=\"https:\/\/emniyetnakliyat.com\/nevsehir\/wp-content\/uploads\/sites\/3\/2025\/07\/iltisim-kamyon-resimi-evden-eve-nakliyat.jpg\" \/>\n\t<meta property=\"og:image:width\" content=\"330\" \/>\n\t<meta property=\"og:image:height\" content=\"295\" \/>\n\t<meta property=\"og:image:type\" content=\"image\/jpeg\" \/>\n<meta name=\"author\" content=\"dursun\" \/>\n<meta name=\"twitter:card\" content=\"summary_large_image\" \/>\n<meta name=\"twitter:label1\" content=\"Yazan:\" \/>\n\t<meta name=\"twitter:data1\" content=\"dursun\" \/>\n\t<meta name=\"twitter:label2\" content=\"Tahmini okuma s\u00fcresi\" \/>\n\t<meta name=\"twitter:data2\" content=\"3 dakika\" \/>\n<script type=\"application\/ld+json\" class=\"yoast-schema-graph\">{\"@context\":\"https:\\\/\\\/schema.org\",\"@graph\":[{\"@type\":\"Article\",\"@id\":\"https:\\\/\\\/emniyetnakliyat.com\\\/nevsehir\\\/nevsehir-evden-eve\\\/#article\",\"isPartOf\":{\"@id\":\"https:\\\/\\\/emniyetnakliyat.com\\\/nevsehir\\\/nevsehir-evden-eve\\\/\"},\"author\":{\"name\":\"dursun\",\"@id\":\"https:\\\/\\\/emniyetnakliyat.com\\\/nevsehir\\\/#\\\/schema\\\/person\\\/cae47676b1897faa81eb1abdb4966ab7\"},\"headline\":\"Nev\u015fehir Evden Eve\",\"datePublished\":\"2025-09-25T16:59:59+00:00\",\"dateModified\":\"2026-04-24T09:40:24+00:00\",\"mainEntityOfPage\":{\"@id\":\"https:\\\/\\\/emniyetnakliyat.com\\\/nevsehir\\\/nevsehir-evden-eve\\\/\"},\"wordCount\":560,\"publisher\":{\"@id\":\"https:\\\/\\\/emniyetnakliyat.com\\\/nevsehir\\\/#organization\"},\"articleSection\":[\"Nev\u015fehir Nakliyat\"],\"inLanguage\":\"tr\"},{\"@type\":\"WebPage\",\"@id\":\"https:\\\/\\\/emniyetnakliyat.com\\\/nevsehir\\\/nevsehir-evden-eve\\\/\",\"url\":\"https:\\\/\\\/emniyetnakliyat.com\\\/nevsehir\\\/nevsehir-evden-eve\\\/\",\"name\":\"Nev\u015fehir Evden Eve Nakliyat | Emniyet Nakliyat \u2013Asans\u00f6rl\u00fc Ta\u015f\u0131ma\",\"isPartOf\":{\"@id\":\"https:\\\/\\\/emniyetnakliyat.com\\\/nevsehir\\\/#website\"},\"datePublished\":\"2025-09-25T16:59:59+00:00\",\"dateModified\":\"2026-04-24T09:40:24+00:00\",\"description\":\"\\\"Nev\u015fehir evden eve nakliyat, asans\u00f6rl\u00fc ta\u015f\u0131ma, \u015fehirleraras\u0131 nakliye ve depolama hizmetleri.\\\", evden eve nakliyat hizmeti. Asans\u00f6rl\u00fc ta\u015f\u0131ma,\",\"breadcrumb\":{\"@id\":\"https:\\\/\\\/emniyetnakliyat.com\\\/nevsehir\\\/nevsehir-evden-eve\\\/#breadcrumb\"},\"inLanguage\":\"tr\",\"potentialAction\":[{\"@type\":\"ReadAction\",\"target\":[\"https:\\\/\\\/emniyetnakliyat.com\\\/nevsehir\\\/nevsehir-evden-eve\\\/\"]}]},{\"@type\":\"BreadcrumbList\",\"@id\":\"https:\\\/\\\/emniyetnakliyat.com\\\/nevsehir\\\/nevsehir-evden-eve\\\/#breadcrumb\",\"itemListElement\":[{\"@type\":\"ListItem\",\"position\":1,\"name\":\"Anasayfa\",\"item\":\"https:\\\/\\\/emniyetnakliyat.com\\\/nevsehir\\\/\"},{\"@type\":\"ListItem\",\"position\":2,\"name\":\"Nev\u015fehir Evden Eve\"}]},{\"@type\":\"WebSite\",\"@id\":\"https:\\\/\\\/emniyetnakliyat.com\\\/nevsehir\\\/#website\",\"url\":\"https:\\\/\\\/emniyetnakliyat.com\\\/nevsehir\\\/\",\"name\":\"Nev\u015fehir Evden Eve Nakliyat\",\"description\":\"Nev\u015fehir Evden Eve\",\"publisher\":{\"@id\":\"https:\\\/\\\/emniyetnakliyat.com\\\/nevsehir\\\/#organization\"},\"alternateName\":\"Nev\u015fehir Evden Eve\",\"potentialAction\":[{\"@type\":\"SearchAction\",\"target\":{\"@type\":\"EntryPoint\",\"urlTemplate\":\"https:\\\/\\\/emniyetnakliyat.com\\\/nevsehir\\\/?s={search_term_string}\"},\"query-input\":{\"@type\":\"PropertyValueSpecification\",\"valueRequired\":true,\"valueName\":\"search_term_string\"}}],\"inLanguage\":\"tr\"},{\"@type\":\"Organization\",\"@id\":\"https:\\\/\\\/emniyetnakliyat.com\\\/nevsehir\\\/#organization\",\"name\":\"nev\u015fehir evden eve nakliyat fiyatlar\u0131\",\"alternateName\":\"nev\u015fehir evden eve ta\u015f\u0131ma fiyatlar\u0131\",\"url\":\"https:\\\/\\\/emniyetnakliyat.com\\\/nevsehir\\\/\",\"logo\":{\"@type\":\"ImageObject\",\"inLanguage\":\"tr\",\"@id\":\"https:\\\/\\\/emniyetnakliyat.com\\\/nevsehir\\\/#\\\/schema\\\/logo\\\/image\\\/\",\"url\":\"https:\\\/\\\/emniyetnakliyat.com\\\/nevsehir\\\/wp-content\\\/uploads\\\/sites\\\/3\\\/2025\\\/07\\\/iltisim-kamyon-resimi-evden-eve-nakliyat.jpg\",\"contentUrl\":\"https:\\\/\\\/emniyetnakliyat.com\\\/nevsehir\\\/wp-content\\\/uploads\\\/sites\\\/3\\\/2025\\\/07\\\/iltisim-kamyon-resimi-evden-eve-nakliyat.jpg\",\"width\":330,\"height\":295,\"caption\":\"nev\u015fehir evden eve nakliyat fiyatlar\u0131\"},\"image\":{\"@id\":\"https:\\\/\\\/emniyetnakliyat.com\\\/nevsehir\\\/#\\\/schema\\\/logo\\\/image\\\/\"}},{\"@type\":\"Person\",\"@id\":\"https:\\\/\\\/emniyetnakliyat.com\\\/nevsehir\\\/#\\\/schema\\\/person\\\/cae47676b1897faa81eb1abdb4966ab7\",\"name\":\"dursun\",\"image\":{\"@type\":\"ImageObject\",\"inLanguage\":\"tr\",\"@id\":\"https:\\\/\\\/secure.gravatar.com\\\/avatar\\\/00d536440383b6da8bc49cec7f82c5ab521a2fe088fc11011f31694a92c84d45?s=96&d=mm&r=g\",\"url\":\"https:\\\/\\\/secure.gravatar.com\\\/avatar\\\/00d536440383b6da8bc49cec7f82c5ab521a2fe088fc11011f31694a92c84d45?s=96&d=mm&r=g\",\"contentUrl\":\"https:\\\/\\\/secure.gravatar.com\\\/avatar\\\/00d536440383b6da8bc49cec7f82c5ab521a2fe088fc11011f31694a92c84d45?s=96&d=mm&r=g\",\"caption\":\"dursun\"},\"description\":\"## \u2753 Nakliyat ile \u0130lgili S\u0131k\u00e7a Sorulan Sorular ### 1. **Evden eve nakliyat nedir?** Evden eve nakliyat, e\u015fyalar\u0131n\u0131z\u0131n mevcut adresinizden al\u0131narak yeni adresinize g\u00fcvenli ve d\u00fczenli bir \u015fekilde ta\u015f\u0131nmas\u0131 i\u015flemidir. Paketleme, ta\u015f\u0131ma, montaj ve yerle\u015ftirme gibi a\u015famalar\u0131 kapsar. --- ### 2. **Ta\u015f\u0131nmadan ne kadar s\u00fcre \u00f6nce rezervasyon yapt\u0131rmal\u0131y\u0131m?** Ta\u015f\u0131nma tarihinden en az 3-7 g\u00fcn \u00f6nce firmam\u0131zla ileti\u015fime ge\u00e7meniz, uygun zaman ve ekip planlamas\u0131 a\u00e7\u0131s\u0131ndan \u00f6nemlidir. Yo\u011fun d\u00f6nemlerde daha erken rezervasyon \u00f6nerilir. --- ### 3. **E\u015fyalar\u0131m ta\u015f\u0131n\u0131rken sigorta yap\u0131l\u0131yor mu?** Evet, Emniyet Nakliyat olarak t\u00fcm \u015fehir i\u00e7i ve \u015fehirler aras\u0131 ta\u015f\u0131malar\u0131m\u0131zda sigortal\u0131 nakliyat hizmeti sunuyoruz. Olas\u0131 zararlar sigorta kapsam\u0131nda kar\u015f\u0131lan\u0131r. --- ### 4. **Ambalajlama hizmeti sunuyor musunuz?** Kesinlikle. T\u00fcm e\u015fyalar\u0131n\u0131z, \u00e7izilme, k\u0131r\u0131lma veya ezilmelere kar\u015f\u0131 \u00f6zel ambalaj malzemeleri kullan\u0131larak profesyonelce paketlenir. --- ### 5. **Mobilyalar\u0131n montaj ve demontaj i\u015flemleri yap\u0131l\u0131r m\u0131?** Evet. Marangoz ekibimiz b\u00fcy\u00fck mobilyalar\u0131n\u0131z\u0131 ta\u015f\u0131madan \u00f6nce s\u00f6ker, yeni evinizde tekrar kurulumunu yapar. --- ### 6. **Asans\u00f6rl\u00fc ta\u015f\u0131ma hizmetiniz var m\u0131?** Evet, y\u00fcksek katl\u0131 binalarda bina i\u00e7i riski ortadan kald\u0131rmak i\u00e7in d\u0131\u015f cephe asans\u00f6rl\u00fc ta\u015f\u0131ma hizmeti sunmaktay\u0131z. --- ### 7. **Ta\u015f\u0131nma i\u015flemi hangi saatlerde ba\u015fl\u0131yor?** Genellikle sabah erken saatlerde (07:00 - 09:00 aras\u0131) ta\u015f\u0131ma ba\u015flat\u0131l\u0131r. Ancak m\u00fc\u015fteri talebine g\u00f6re saat esnekli\u011fi sa\u011flanabilir. --- ### 8. **Ta\u015f\u0131ma s\u00fcresi ne kadar s\u00fcrer?** Ta\u015f\u0131ma s\u00fcresi e\u015fya miktar\u0131na, kat say\u0131s\u0131na ve gidilecek mesafeye ba\u011fl\u0131 olarak de\u011fi\u015fir. Genellikle \u015fehir i\u00e7i ta\u015f\u0131malar ayn\u0131 g\u00fcn i\u00e7erisinde tamamlan\u0131r. --- ### 9. **Nakliyat fiyatlar\u0131 nas\u0131l belirleniyor?** Fiyatland\u0131rma; e\u015fya yo\u011funlu\u011fu, kat durumu, mesafe, asans\u00f6r ihtiyac\u0131 ve ek hizmetlere g\u00f6re belirlenir. \u00dccretsiz ekspertiz hizmeti ile net fiyat teklifi sunulur. --- ### 10. **\u015eehirler aras\u0131 ta\u015f\u0131mac\u0131l\u0131k yap\u0131yor musunuz?** Evet. T\u00fcrkiye\u2019nin 81 iline profesyonel \u015fehirler aras\u0131 ta\u015f\u0131mac\u0131l\u0131k hizmeti sunmaktay\u0131z. --- ### 11. **Ta\u015f\u0131ma g\u00fcn\u00fc evde bulunmam \u015fart m\u0131?** Tercihen ev sahibi ya da yetkili bir ki\u015finin ta\u015f\u0131ma g\u00fcn\u00fc adreste bulunmas\u0131, s\u00fcrecin sa\u011fl\u0131kl\u0131 ilerlemesi a\u00e7\u0131s\u0131ndan \u00f6nemlidir. --- ### 12. **K\u0131r\u0131lacak e\u015fyalar i\u00e7in \u00f6zel koruma sa\u011flan\u0131yor mu?** Evet. Cam, porselen ve elektronik gibi hassas e\u015fyalar i\u00e7in ekstra korumal\u0131 ambalaj ve \u00f6zel kolileme sistemi uygulan\u0131r. --- ### 13. **E\u015fyalar\u0131m hangi ara\u00e7larla ta\u015f\u0131n\u0131yor?** E\u015fyalar\u0131n\u0131z, ta\u015f\u0131ma hacmine uygun b\u00fcy\u00fckl\u00fckte kapal\u0131 kasa, yast\u0131kl\u0131 ve sabitleme sistemli \u00f6zel nakliye ara\u00e7lar\u0131m\u0131zla ta\u015f\u0131n\u0131r. --- ### 14. **E\u015fyalar\u0131m\u0131 ge\u00e7ici olarak depolayabilir miyim?** Elbette. K\u0131sa veya uzun s\u00fcreli e\u015fya depolama \u00e7\u00f6z\u00fcmlerimizle, e\u015fyalar\u0131n\u0131z\u0131 g\u00fcvenli ortamlarda muhafaza ediyoruz. --- ### 15. **Nakliye hizmetiniz haftan\u0131n her g\u00fcn\u00fc a\u00e7\u0131k m\u0131?** Evet. Hafta i\u00e7i ve hafta sonu dahil olmak \u00fczere, talepler do\u011frultusunda her g\u00fcn hizmet vermekteyiz. -\",\"sameAs\":[\"https:\\\/\\\/emniyetnakliyat.com\"]}]}<\/script>\n<!-- \/ Yoast SEO plugin. -->","yoast_head_json":{"title":"Nev\u015fehir Evden Eve Nakliyat | Emniyet Nakliyat \u2013Asans\u00f6rl\u00fc Ta\u015f\u0131ma","description":"\"Nev\u015fehir evden eve nakliyat, asans\u00f6rl\u00fc ta\u015f\u0131ma, \u015fehirleraras\u0131 nakliye ve depolama hizmetleri.\", evden eve nakliyat hizmeti. Asans\u00f6rl\u00fc ta\u015f\u0131ma,","robots":{"index":"index","follow":"follow","max-snippet":"max-snippet:-1","max-image-preview":"max-image-preview:large","max-video-preview":"max-video-preview:-1"},"canonical":"https:\/\/emniyetnakliyat.com\/nevsehir\/nevsehir-evden-eve\/","og_locale":"tr_TR","og_type":"article","og_title":"Nev\u015fehir Evden Eve Nakliyat | Emniyet Nakliyat \u2013Asans\u00f6rl\u00fc Ta\u015f\u0131ma","og_description":"\"Nev\u015fehir evden eve nakliyat, asans\u00f6rl\u00fc ta\u015f\u0131ma, \u015fehirleraras\u0131 nakliye ve depolama hizmetleri.\", evden eve nakliyat hizmeti. Asans\u00f6rl\u00fc ta\u015f\u0131ma,","og_url":"https:\/\/emniyetnakliyat.com\/nevsehir\/nevsehir-evden-eve\/","og_site_name":"Nev\u015fehir Evden Eve Nakliyat","article_published_time":"2025-09-25T16:59:59+00:00","article_modified_time":"2026-04-24T09:40:24+00:00","og_image":[{"width":330,"height":295,"url":"https:\/\/emniyetnakliyat.com\/nevsehir\/wp-content\/uploads\/sites\/3\/2025\/07\/iltisim-kamyon-resimi-evden-eve-nakliyat.jpg","type":"image\/jpeg"}],"author":"dursun","twitter_card":"summary_large_image","twitter_misc":{"Yazan:":"dursun","Tahmini okuma s\u00fcresi":"3 dakika"},"schema":{"@context":"https:\/\/schema.org","@graph":[{"@type":"Article","@id":"https:\/\/emniyetnakliyat.com\/nevsehir\/nevsehir-evden-eve\/#article","isPartOf":{"@id":"https:\/\/emniyetnakliyat.com\/nevsehir\/nevsehir-evden-eve\/"},"author":{"name":"dursun","@id":"https:\/\/emniyetnakliyat.com\/nevsehir\/#\/schema\/person\/cae47676b1897faa81eb1abdb4966ab7"},"headline":"Nev\u015fehir Evden Eve","datePublished":"2025-09-25T16:59:59+00:00","dateModified":"2026-04-24T09:40:24+00:00","mainEntityOfPage":{"@id":"https:\/\/emniyetnakliyat.com\/nevsehir\/nevsehir-evden-eve\/"},"wordCount":560,"publisher":{"@id":"https:\/\/emniyetnakliyat.com\/nevsehir\/#organization"},"articleSection":["Nev\u015fehir Nakliyat"],"inLanguage":"tr"},{"@type":"WebPage","@id":"https:\/\/emniyetnakliyat.com\/nevsehir\/nevsehir-evden-eve\/","url":"https:\/\/emniyetnakliyat.com\/nevsehir\/nevsehir-evden-eve\/","name":"Nev\u015fehir Evden Eve Nakliyat | Emniyet Nakliyat \u2013Asans\u00f6rl\u00fc Ta\u015f\u0131ma","isPartOf":{"@id":"https:\/\/emniyetnakliyat.com\/nevsehir\/#website"},"datePublished":"2025-09-25T16:59:59+00:00","dateModified":"2026-04-24T09:40:24+00:00","description":"\"Nev\u015fehir evden eve nakliyat, asans\u00f6rl\u00fc ta\u015f\u0131ma, \u015fehirleraras\u0131 nakliye ve depolama hizmetleri.\", evden eve nakliyat hizmeti. Asans\u00f6rl\u00fc ta\u015f\u0131ma,","breadcrumb":{"@id":"https:\/\/emniyetnakliyat.com\/nevsehir\/nevsehir-evden-eve\/#breadcrumb"},"inLanguage":"tr","potentialAction":[{"@type":"ReadAction","target":["https:\/\/emniyetnakliyat.com\/nevsehir\/nevsehir-evden-eve\/"]}]},{"@type":"BreadcrumbList","@id":"https:\/\/emniyetnakliyat.com\/nevsehir\/nevsehir-evden-eve\/#breadcrumb","itemListElement":[{"@type":"ListItem","position":1,"name":"Anasayfa","item":"https:\/\/emniyetnakliyat.com\/nevsehir\/"},{"@type":"ListItem","position":2,"name":"Nev\u015fehir Evden Eve"}]},{"@type":"WebSite","@id":"https:\/\/emniyetnakliyat.com\/nevsehir\/#website","url":"https:\/\/emniyetnakliyat.com\/nevsehir\/","name":"Nev\u015fehir Evden Eve Nakliyat","description":"Nev\u015fehir Evden Eve","publisher":{"@id":"https:\/\/emniyetnakliyat.com\/nevsehir\/#organization"},"alternateName":"Nev\u015fehir Evden Eve","potentialAction":[{"@type":"SearchAction","target":{"@type":"EntryPoint","urlTemplate":"https:\/\/emniyetnakliyat.com\/nevsehir\/?s={search_term_string}"},"query-input":{"@type":"PropertyValueSpecification","valueRequired":true,"valueName":"search_term_string"}}],"inLanguage":"tr"},{"@type":"Organization","@id":"https:\/\/emniyetnakliyat.com\/nevsehir\/#organization","name":"nev\u015fehir evden eve nakliyat fiyatlar\u0131","alternateName":"nev\u015fehir evden eve ta\u015f\u0131ma fiyatlar\u0131","url":"https:\/\/emniyetnakliyat.com\/nevsehir\/","logo":{"@type":"ImageObject","inLanguage":"tr","@id":"https:\/\/emniyetnakliyat.com\/nevsehir\/#\/schema\/logo\/image\/","url":"https:\/\/emniyetnakliyat.com\/nevsehir\/wp-content\/uploads\/sites\/3\/2025\/07\/iltisim-kamyon-resimi-evden-eve-nakliyat.jpg","contentUrl":"https:\/\/emniyetnakliyat.com\/nevsehir\/wp-content\/uploads\/sites\/3\/2025\/07\/iltisim-kamyon-resimi-evden-eve-nakliyat.jpg","width":330,"height":295,"caption":"nev\u015fehir evden eve nakliyat fiyatlar\u0131"},"image":{"@id":"https:\/\/emniyetnakliyat.com\/nevsehir\/#\/schema\/logo\/image\/"}},{"@type":"Person","@id":"https:\/\/emniyetnakliyat.com\/nevsehir\/#\/schema\/person\/cae47676b1897faa81eb1abdb4966ab7","name":"dursun","image":{"@type":"ImageObject","inLanguage":"tr","@id":"https:\/\/secure.gravatar.com\/avatar\/00d536440383b6da8bc49cec7f82c5ab521a2fe088fc11011f31694a92c84d45?s=96&d=mm&r=g","url":"https:\/\/secure.gravatar.com\/avatar\/00d536440383b6da8bc49cec7f82c5ab521a2fe088fc11011f31694a92c84d45?s=96&d=mm&r=g","contentUrl":"https:\/\/secure.gravatar.com\/avatar\/00d536440383b6da8bc49cec7f82c5ab521a2fe088fc11011f31694a92c84d45?s=96&d=mm&r=g","caption":"dursun"},"description":"## \u2753 Nakliyat ile \u0130lgili S\u0131k\u00e7a Sorulan Sorular ### 1. **Evden eve nakliyat nedir?** Evden eve nakliyat, e\u015fyalar\u0131n\u0131z\u0131n mevcut adresinizden al\u0131narak yeni adresinize g\u00fcvenli ve d\u00fczenli bir \u015fekilde ta\u015f\u0131nmas\u0131 i\u015flemidir. Paketleme, ta\u015f\u0131ma, montaj ve yerle\u015ftirme gibi a\u015famalar\u0131 kapsar. --- ### 2. **Ta\u015f\u0131nmadan ne kadar s\u00fcre \u00f6nce rezervasyon yapt\u0131rmal\u0131y\u0131m?** Ta\u015f\u0131nma tarihinden en az 3-7 g\u00fcn \u00f6nce firmam\u0131zla ileti\u015fime ge\u00e7meniz, uygun zaman ve ekip planlamas\u0131 a\u00e7\u0131s\u0131ndan \u00f6nemlidir. Yo\u011fun d\u00f6nemlerde daha erken rezervasyon \u00f6nerilir. --- ### 3. **E\u015fyalar\u0131m ta\u015f\u0131n\u0131rken sigorta yap\u0131l\u0131yor mu?** Evet, Emniyet Nakliyat olarak t\u00fcm \u015fehir i\u00e7i ve \u015fehirler aras\u0131 ta\u015f\u0131malar\u0131m\u0131zda sigortal\u0131 nakliyat hizmeti sunuyoruz. Olas\u0131 zararlar sigorta kapsam\u0131nda kar\u015f\u0131lan\u0131r. --- ### 4. **Ambalajlama hizmeti sunuyor musunuz?** Kesinlikle. T\u00fcm e\u015fyalar\u0131n\u0131z, \u00e7izilme, k\u0131r\u0131lma veya ezilmelere kar\u015f\u0131 \u00f6zel ambalaj malzemeleri kullan\u0131larak profesyonelce paketlenir. --- ### 5. **Mobilyalar\u0131n montaj ve demontaj i\u015flemleri yap\u0131l\u0131r m\u0131?** Evet. Marangoz ekibimiz b\u00fcy\u00fck mobilyalar\u0131n\u0131z\u0131 ta\u015f\u0131madan \u00f6nce s\u00f6ker, yeni evinizde tekrar kurulumunu yapar. --- ### 6. **Asans\u00f6rl\u00fc ta\u015f\u0131ma hizmetiniz var m\u0131?** Evet, y\u00fcksek katl\u0131 binalarda bina i\u00e7i riski ortadan kald\u0131rmak i\u00e7in d\u0131\u015f cephe asans\u00f6rl\u00fc ta\u015f\u0131ma hizmeti sunmaktay\u0131z. --- ### 7. **Ta\u015f\u0131nma i\u015flemi hangi saatlerde ba\u015fl\u0131yor?** Genellikle sabah erken saatlerde (07:00 - 09:00 aras\u0131) ta\u015f\u0131ma ba\u015flat\u0131l\u0131r. Ancak m\u00fc\u015fteri talebine g\u00f6re saat esnekli\u011fi sa\u011flanabilir. --- ### 8. **Ta\u015f\u0131ma s\u00fcresi ne kadar s\u00fcrer?** Ta\u015f\u0131ma s\u00fcresi e\u015fya miktar\u0131na, kat say\u0131s\u0131na ve gidilecek mesafeye ba\u011fl\u0131 olarak de\u011fi\u015fir. Genellikle \u015fehir i\u00e7i ta\u015f\u0131malar ayn\u0131 g\u00fcn i\u00e7erisinde tamamlan\u0131r. --- ### 9. **Nakliyat fiyatlar\u0131 nas\u0131l belirleniyor?** Fiyatland\u0131rma; e\u015fya yo\u011funlu\u011fu, kat durumu, mesafe, asans\u00f6r ihtiyac\u0131 ve ek hizmetlere g\u00f6re belirlenir. \u00dccretsiz ekspertiz hizmeti ile net fiyat teklifi sunulur. --- ### 10. **\u015eehirler aras\u0131 ta\u015f\u0131mac\u0131l\u0131k yap\u0131yor musunuz?** Evet. T\u00fcrkiye\u2019nin 81 iline profesyonel \u015fehirler aras\u0131 ta\u015f\u0131mac\u0131l\u0131k hizmeti sunmaktay\u0131z. --- ### 11. **Ta\u015f\u0131ma g\u00fcn\u00fc evde bulunmam \u015fart m\u0131?** Tercihen ev sahibi ya da yetkili bir ki\u015finin ta\u015f\u0131ma g\u00fcn\u00fc adreste bulunmas\u0131, s\u00fcrecin sa\u011fl\u0131kl\u0131 ilerlemesi a\u00e7\u0131s\u0131ndan \u00f6nemlidir. --- ### 12. **K\u0131r\u0131lacak e\u015fyalar i\u00e7in \u00f6zel koruma sa\u011flan\u0131yor mu?** Evet. Cam, porselen ve elektronik gibi hassas e\u015fyalar i\u00e7in ekstra korumal\u0131 ambalaj ve \u00f6zel kolileme sistemi uygulan\u0131r. --- ### 13. **E\u015fyalar\u0131m hangi ara\u00e7larla ta\u015f\u0131n\u0131yor?** E\u015fyalar\u0131n\u0131z, ta\u015f\u0131ma hacmine uygun b\u00fcy\u00fckl\u00fckte kapal\u0131 kasa, yast\u0131kl\u0131 ve sabitleme sistemli \u00f6zel nakliye ara\u00e7lar\u0131m\u0131zla ta\u015f\u0131n\u0131r. --- ### 14. **E\u015fyalar\u0131m\u0131 ge\u00e7ici olarak depolayabilir miyim?** Elbette. K\u0131sa veya uzun s\u00fcreli e\u015fya depolama \u00e7\u00f6z\u00fcmlerimizle, e\u015fyalar\u0131n\u0131z\u0131 g\u00fcvenli ortamlarda muhafaza ediyoruz. --- ### 15. **Nakliye hizmetiniz haftan\u0131n her g\u00fcn\u00fc a\u00e7\u0131k m\u0131?** Evet. Hafta i\u00e7i ve hafta sonu dahil olmak \u00fczere, talepler do\u011frultusunda her g\u00fcn hizmet vermekteyiz. -","sameAs":["https:\/\/emniyetnakliyat.com"]}]}},"_links":{"self":[{"href":"https:\/\/emniyetnakliyat.com\/nevsehir\/wp-json\/wp\/v2\/posts\/88","targetHints":{"allow":["GET"]}}],"collection":[{"href":"https:\/\/emniyetnakliyat.com\/nevsehir\/wp-json\/wp\/v2\/posts"}],"about":[{"href":"https:\/\/emniyetnakliyat.com\/nevsehir\/wp-json\/wp\/v2\/types\/post"}],"author":[{"embeddable":true,"href":"https:\/\/emniyetnakliyat.com\/nevsehir\/wp-json\/wp\/v2\/users\/1"}],"replies":[{"embeddable":true,"href":"https:\/\/emniyetnakliyat.com\/nevsehir\/wp-json\/wp\/v2\/comments?post=88"}],"version-history":[{"count":1,"href":"https:\/\/emniyetnakliyat.com\/nevsehir\/wp-json\/wp\/v2\/posts\/88\/revisions"}],"predecessor-version":[{"id":96,"href":"https:\/\/emniyetnakliyat.com\/nevsehir\/wp-json\/wp\/v2\/posts\/88\/revisions\/96"}],"wp:attachment":[{"href":"https:\/\/emniyetnakliyat.com\/nevsehir\/wp-json\/wp\/v2\/media?parent=88"}],"wp:term":[{"taxonomy":"category","embeddable":true,"href":"https:\/\/emniyetnakliyat.com\/nevsehir\/wp-json\/wp\/v2\/categories?post=88"},{"taxonomy":"post_tag","embeddable":true,"href":"https:\/\/emniyetnakliyat.com\/nevsehir\/wp-json\/wp\/v2\/tags?post=88"}],"curies":[{"name":"wp","href":"https:\/\/api.w.org\/{rel}","templated":true}]}}