{"id":67,"date":"2025-09-25T19:16:47","date_gmt":"2025-09-25T16:16:47","guid":{"rendered":"https:\/\/emniyetnakliyat.com\/nevsehir\/?p=67"},"modified":"2026-04-24T12:40:24","modified_gmt":"2026-04-24T09:40:24","slug":"nevsehir-turkiyenin-en-iyi-nakliye-firmalari","status":"publish","type":"post","link":"https:\/\/emniyetnakliyat.com\/nevsehir\/nevsehir-turkiyenin-en-iyi-nakliye-firmalari\/","title":{"rendered":"Nev\u015fehir \u2013 T\u00fcrkiye\u2019nin En \u0130yi Nakliye Firmalar\u0131"},"content":{"rendered":"\n<h2 class=\"wp-block-heading\">Nev\u015fehir \u2013 T\u00fcrkiye\u2019nin En \u0130yi Nakliye Firmalar\u0131 Aras\u0131nda Emniyet Nakliyat<\/h2>\n\n\n\n<p>Ta\u015f\u0131nma s\u00fcreci, do\u011fru nakliye firmas\u0131n\u0131 se\u00e7medi\u011finizde hem zahmetli hem de riskli olabilir. T\u00fcrkiye genelinde bir\u00e7ok nakliye firmas\u0131 hizmet verse de <strong>Nev\u015fehir nakliye firmalar\u0131<\/strong> aras\u0131nda \u00f6ne \u00e7\u0131kan isimlerden biri, g\u00fcvenilirli\u011fi ve profesyonelli\u011fiyle <strong>Emniyet Nakliyat<\/strong>\u2019t\u0131r. Evden eve nakliyat, ofis ta\u015f\u0131ma, \u015fehirleraras\u0131 ta\u015f\u0131mac\u0131l\u0131k ve asans\u00f6rl\u00fc nakliye \u00e7\u00f6z\u00fcmleriyle, e\u015fyalar\u0131n\u0131z\u0131 g\u00fcvenle ve h\u0131zl\u0131 bir \u015fekilde yeni adresinize ula\u015ft\u0131r\u0131r.<\/p>\n\n\n\n<hr class=\"wp-block-separator has-alpha-channel-opacity\"\/>\n\n\n\n<h3 class=\"wp-block-heading\">\u2705 T\u00fcrkiye\u2019nin En \u0130yi Nakliye Firmalar\u0131 Aras\u0131nda Yer Alma Nedenlerimiz<\/h3>\n\n\n\n<ul class=\"wp-block-list\">\n<li><strong>Deneyimli ekip<\/strong>: Y\u0131llar\u0131n kazand\u0131rd\u0131\u011f\u0131 tecr\u00fcbe ile e\u011fitimli personel, ta\u015f\u0131nma s\u00fcrecini stressiz hale getirir.<\/li>\n\n\n\n<li><strong>Modern ara\u00e7 filosu<\/strong>: Geni\u015f, kapal\u0131 kasa kamyonlar ve \u00f6zel ta\u015f\u0131ma ara\u00e7lar\u0131yla e\u015fyalar\u0131n\u0131z her t\u00fcrl\u00fc hava ko\u015fuluna kar\u015f\u0131 korunur.<\/li>\n\n\n\n<li><strong>Asans\u00f6rl\u00fc ta\u015f\u0131mac\u0131l\u0131k<\/strong>: Y\u00fcksek katl\u0131 veya dar merdivenli binalarda en h\u0131zl\u0131 ve g\u00fcvenli ta\u015f\u0131ma imkan\u0131 sa\u011flar.<\/li>\n\n\n\n<li><strong>T\u00fcrkiye geneli hizmet<\/strong>: Nev\u015fehir\u2019den T\u00fcrkiye\u2019nin t\u00fcm illerine g\u00fcvenli \u015fehirleraras\u0131 nakliye se\u00e7enekleri.<\/li>\n<\/ul>\n\n\n\n<hr class=\"wp-block-separator has-alpha-channel-opacity\"\/>\n\n\n\n<h3 class=\"wp-block-heading\">\ud83c\udfe0 Evden Eve Nakliyat Hizmeti<\/h3>\n\n\n\n<p>Emniyet Nakliyat, <strong>Nev\u015fehir evden eve nakliyat<\/strong> s\u00fcrecinde her ayr\u0131nt\u0131y\u0131 d\u00fc\u015f\u00fcn\u00fcr. Profesyonel paketleme malzemeleri ile mobilya, beyaz e\u015fya ve ki\u015fisel e\u015fyalar\u0131n\u0131z \u00f6zenle haz\u0131rlan\u0131r. Ta\u015f\u0131ma s\u0131ras\u0131nda \u00e7izilme, k\u0131r\u0131lma ya da kaybolma riskine kar\u015f\u0131 maksimum koruma sa\u011flan\u0131r. Yeni evinize ula\u015ft\u0131\u011f\u0131n\u0131zda ise montaj ve yerle\u015fim deste\u011fi sunularak ta\u015f\u0131nma s\u00fcreciniz kolayla\u015ft\u0131r\u0131l\u0131r.<\/p>\n\n\n\n<hr class=\"wp-block-separator has-alpha-channel-opacity\"\/>\n\n\n\n<h3 class=\"wp-block-heading\">\ud83c\udfe2 Ofis ve Kurumsal Ta\u015f\u0131mac\u0131l\u0131k<\/h3>\n\n\n\n<p>T\u00fcrkiye\u2019nin en iyi nakliye firmalar\u0131 aras\u0131nda yer almak, yaln\u0131zca ev ta\u015f\u0131mac\u0131l\u0131\u011f\u0131 de\u011fil; ayn\u0131 zamanda kurumsal \u00e7\u00f6z\u00fcmlerle de m\u00fcmk\u00fcn olur. <strong>Ofis nakliyesinde<\/strong> belgeler, bilgisayarlar ve ofis mobilyalar\u0131 \u00f6zel ambalajlama teknikleriyle g\u00fcvenle ta\u015f\u0131n\u0131r. \u0130\u015f s\u00fcreklili\u011fini aksatmadan, k\u0131sa s\u00fcrede yeni ofisinize ta\u015f\u0131nman\u0131z\u0131 sa\u011flar\u0131z.<\/p>\n\n\n\n<hr class=\"wp-block-separator has-alpha-channel-opacity\"\/>\n\n\n\n<h3 class=\"wp-block-heading\">\ud83d\ude9a \u015eehirleraras\u0131 Nakliye<\/h3>\n\n\n\n<p>Nev\u015fehir\u2019den T\u00fcrkiye\u2019nin d\u00f6rt bir yan\u0131na g\u00fcvenle nakliyat yap\u0131yoruz. \u015eehirleraras\u0131 ta\u015f\u0131mac\u0131l\u0131kta rota planlamas\u0131, yol g\u00fcvenli\u011fi ve zaman\u0131nda teslimat esas al\u0131n\u0131r. Uzak mesafelerde bile m\u00fc\u015fterilerimize h\u0131zl\u0131 ve ekonomik \u00e7\u00f6z\u00fcmler sunuyoruz.<\/p>\n\n\n\n<hr class=\"wp-block-separator has-alpha-channel-opacity\"\/>\n\n\n\n<h3 class=\"wp-block-heading\">\ud83d\udd27 Ta\u015f\u0131ma S\u00fcreci Nas\u0131l \u0130\u015fler?<\/h3>\n\n\n\n<ol class=\"wp-block-list\">\n<li><strong>\u00dccretsiz ke\u015fif<\/strong>: Uzman ekip adresinize gelir, e\u015fyalar\u0131 ve ta\u015f\u0131ma ko\u015fullar\u0131n\u0131 analiz eder.<\/li>\n\n\n\n<li><strong>Detayl\u0131 teklif<\/strong>: \u0130htiyaca uygun fiyatland\u0131rma ve planlama yap\u0131l\u0131r.<\/li>\n\n\n\n<li><strong>Paketleme &amp; ambalajlama<\/strong>: Hassas ve dayan\u0131kl\u0131 ambalaj malzemeleriyle e\u015fyalar haz\u0131rlan\u0131r.<\/li>\n\n\n\n<li><strong>Asans\u00f6r kurulumu<\/strong>: Gereken durumlarda bina d\u0131\u015f\u0131na mobil asans\u00f6r sistemi kurulur.<\/li>\n\n\n\n<li><strong>G\u00fcvenli nakliye<\/strong>: E\u015fyalar\u0131n\u0131z k\u0131sa s\u00fcrede, g\u00fcvenle yeni adrese ula\u015ft\u0131r\u0131l\u0131r.<\/li>\n\n\n\n<li><strong>Yerle\u015ftirme &amp; montaj<\/strong>: Yeni ev veya ofiste d\u00fczenleme ve mobilya montaj\u0131 yap\u0131l\u0131r.<\/li>\n\n\n\n<li><strong>Teslim ve kontrol<\/strong>: T\u00fcm i\u015flemler m\u00fc\u015fterinin memnuniyet onay\u0131yla tamamlan\u0131r.<\/li>\n<\/ol>\n\n\n\n<hr class=\"wp-block-separator has-alpha-channel-opacity\"\/>\n\n\n\n<h3 class=\"wp-block-heading\">\ud83c\udf0d Nev\u015fehir ve T\u00fcrkiye Genelinde Ayr\u0131cal\u0131klar\u0131m\u0131z<\/h3>\n\n\n\n<ul class=\"wp-block-list\">\n<li>Yerel b\u00f6lge bilgisi ve deneyimle ta\u015f\u0131nma s\u00fcre\u00e7lerinde daha h\u0131zl\u0131 \u00e7\u00f6z\u00fcmler<\/li>\n\n\n\n<li>T\u00fcrkiye genelinde geni\u015f hizmet a\u011f\u0131<\/li>\n\n\n\n<li>M\u00fc\u015fteri memnuniyetine dayal\u0131 referanslar<\/li>\n\n\n\n<li>Adil fiyat politikas\u0131, gizli maliyet olmadan net teklif<\/li>\n\n\n\n<li>Kalite ve g\u00fcveni \u00f6n planda tutan bir marka anlay\u0131\u015f\u0131<\/li>\n<\/ul>\n\n\n\n<hr class=\"wp-block-separator has-alpha-channel-opacity\"\/>\n\n\n\n<h3 class=\"wp-block-heading\">\ud83d\udcde \u0130leti\u015fim &amp; Teklif<\/h3>\n\n\n\n<p>Nev\u015fehir\u2019de ve T\u00fcrkiye genelinde nakliyat hizmetine ihtiyac\u0131n\u0131z varsa, <strong>Emniyet Nakliyat<\/strong> her zaman yan\u0131n\u0131zda. \u00dccretsiz ekspertiz ve detayl\u0131 fiyat teklifimiz i\u00e7in:<\/p>\n\n\n\n<ul class=\"wp-block-list\">\n<li>Telefon: \u20260554 530 97 48<\/li>\n\n\n\n<li>E-posta: \u2026info@<a href=\"https:\/\/emniyetnakliyat.com\/nevsehir\/\">emniyetnakliyat.com<\/a><\/li>\n\n\n\n<li>Web sitesi: <a href=\"https:\/\/emniyetnakliyat.com\/nevsehir\/\">emniyetnakliyat.com\/nevsehir<\/a><\/li>\n<\/ul>\n\n\n\n<hr class=\"wp-block-separator has-alpha-channel-opacity\"\/>\n\n\n\n<p><strong>Emniyet Nakliyat<\/strong>, Nev\u015fehir\u2019de ve T\u00fcrkiye\u2019de en iyi nakliye firmalar\u0131 aras\u0131nda g\u00fcvenilir, profesyonel ve kaliteli hizmetleriyle \u00f6ne \u00e7\u0131kar. E\u015fyalar\u0131n\u0131z\u0131 g\u00fcvenle ta\u015f\u0131tmak i\u00e7in do\u011fru adrestesiniz.<\/p>\n\n\n\n<hr class=\"wp-block-separator has-alpha-channel-opacity\"\/>\n","protected":false},"excerpt":{"rendered":"<p>Nev\u015fehir \u2013 T\u00fcrkiye\u2019nin En \u0130yi Nakliye Firmalar\u0131 Aras\u0131nda Emniyet Nakliyat Ta\u015f\u0131nma s\u00fcreci, do\u011fru nakliye firmas\u0131n\u0131 se\u00e7medi\u011finizde hem zahmetli hem de riskli olabilir. T\u00fcrkiye genelinde bir\u00e7ok nakliye firmas\u0131 hizmet verse de Nev\u015fehir nakliye firmalar\u0131 aras\u0131nda \u00f6ne \u00e7\u0131kan isimlerden biri, g\u00fcvenilirli\u011fi ve profesyonelli\u011fiyle Emniyet Nakliyat\u2019t\u0131r. Evden eve nakliyat, ofis ta\u015f\u0131ma, \u015fehirleraras\u0131 ta\u015f\u0131mac\u0131l\u0131k ve asans\u00f6rl\u00fc nakliye \u00e7\u00f6z\u00fcmleriyle, e\u015fyalar\u0131n\u0131z\u0131 [&hellip;]<\/p>\n","protected":false},"author":1,"featured_media":0,"comment_status":"closed","ping_status":"0","sticky":false,"template":"","format":"standard","meta":{"footnotes":""},"categories":[2],"tags":[],"class_list":["post-67","post","type-post","status-publish","format-standard","hentry","category-nevsehir-nakliyat"],"yoast_head":"<!-- This site is optimized with the Yoast SEO plugin v27.4 - https:\/\/yoast.com\/product\/yoast-seo-wordpress\/ -->\n<title>Nev\u015fehir \u2013 T\u00fcrkiye\u2019nin En \u0130yi Nakliye Firmalar\u0131<\/title>\n<meta name=\"description\" content=\"Nev\u015fehir \u2013 T\u00fcrkiye\u2019nin En \u0130yi Nakliye Firmalar\u0131 E\u015fyalar\u0131n\u0131z\u0131 g\u00fcvenle ta\u015f\u0131tmak i\u00e7in do\u011fru adrestesiniz.\" \/>\n<meta name=\"robots\" content=\"index, follow, max-snippet:-1, max-image-preview:large, max-video-preview:-1\" \/>\n<link rel=\"canonical\" href=\"https:\/\/emniyetnakliyat.com\/nevsehir\/nevsehir-turkiyenin-en-iyi-nakliye-firmalari\/\" \/>\n<meta property=\"og:locale\" content=\"tr_TR\" \/>\n<meta property=\"og:type\" content=\"article\" \/>\n<meta property=\"og:title\" content=\"Nev\u015fehir \u2013 T\u00fcrkiye\u2019nin En \u0130yi Nakliye Firmalar\u0131\" \/>\n<meta property=\"og:description\" content=\"Nev\u015fehir \u2013 T\u00fcrkiye\u2019nin En \u0130yi Nakliye Firmalar\u0131 E\u015fyalar\u0131n\u0131z\u0131 g\u00fcvenle ta\u015f\u0131tmak i\u00e7in do\u011fru adrestesiniz.\" \/>\n<meta property=\"og:url\" content=\"https:\/\/emniyetnakliyat.com\/nevsehir\/nevsehir-turkiyenin-en-iyi-nakliye-firmalari\/\" \/>\n<meta property=\"og:site_name\" content=\"Nev\u015fehir Evden Eve Nakliyat\" \/>\n<meta property=\"article:published_time\" content=\"2025-09-25T16:16:47+00:00\" \/>\n<meta property=\"article:modified_time\" content=\"2026-04-24T09:40:24+00:00\" \/>\n<meta property=\"og:image\" content=\"https:\/\/emniyetnakliyat.com\/nevsehir\/wp-content\/uploads\/sites\/3\/2025\/07\/iltisim-kamyon-resimi-evden-eve-nakliyat.jpg\" \/>\n\t<meta property=\"og:image:width\" content=\"330\" \/>\n\t<meta property=\"og:image:height\" content=\"295\" \/>\n\t<meta property=\"og:image:type\" content=\"image\/jpeg\" \/>\n<meta name=\"author\" content=\"dursun\" \/>\n<meta name=\"twitter:card\" content=\"summary_large_image\" \/>\n<meta name=\"twitter:label1\" content=\"Yazan:\" \/>\n\t<meta name=\"twitter:data1\" content=\"dursun\" \/>\n\t<meta name=\"twitter:label2\" content=\"Tahmini okuma s\u00fcresi\" \/>\n\t<meta name=\"twitter:data2\" content=\"3 dakika\" \/>\n<script type=\"application\/ld+json\" class=\"yoast-schema-graph\">{\"@context\":\"https:\\\/\\\/schema.org\",\"@graph\":[{\"@type\":\"Article\",\"@id\":\"https:\\\/\\\/emniyetnakliyat.com\\\/nevsehir\\\/nevsehir-turkiyenin-en-iyi-nakliye-firmalari\\\/#article\",\"isPartOf\":{\"@id\":\"https:\\\/\\\/emniyetnakliyat.com\\\/nevsehir\\\/nevsehir-turkiyenin-en-iyi-nakliye-firmalari\\\/\"},\"author\":{\"name\":\"dursun\",\"@id\":\"https:\\\/\\\/emniyetnakliyat.com\\\/nevsehir\\\/#\\\/schema\\\/person\\\/cae47676b1897faa81eb1abdb4966ab7\"},\"headline\":\"Nev\u015fehir \u2013 T\u00fcrkiye\u2019nin En \u0130yi Nakliye Firmalar\u0131\",\"datePublished\":\"2025-09-25T16:16:47+00:00\",\"dateModified\":\"2026-04-24T09:40:24+00:00\",\"mainEntityOfPage\":{\"@id\":\"https:\\\/\\\/emniyetnakliyat.com\\\/nevsehir\\\/nevsehir-turkiyenin-en-iyi-nakliye-firmalari\\\/\"},\"wordCount\":648,\"publisher\":{\"@id\":\"https:\\\/\\\/emniyetnakliyat.com\\\/nevsehir\\\/#organization\"},\"articleSection\":[\"Nev\u015fehir Nakliyat\"],\"inLanguage\":\"tr\"},{\"@type\":\"WebPage\",\"@id\":\"https:\\\/\\\/emniyetnakliyat.com\\\/nevsehir\\\/nevsehir-turkiyenin-en-iyi-nakliye-firmalari\\\/\",\"url\":\"https:\\\/\\\/emniyetnakliyat.com\\\/nevsehir\\\/nevsehir-turkiyenin-en-iyi-nakliye-firmalari\\\/\",\"name\":\"Nev\u015fehir \u2013 T\u00fcrkiye\u2019nin En \u0130yi Nakliye Firmalar\u0131\",\"isPartOf\":{\"@id\":\"https:\\\/\\\/emniyetnakliyat.com\\\/nevsehir\\\/#website\"},\"datePublished\":\"2025-09-25T16:16:47+00:00\",\"dateModified\":\"2026-04-24T09:40:24+00:00\",\"description\":\"Nev\u015fehir \u2013 T\u00fcrkiye\u2019nin En \u0130yi Nakliye Firmalar\u0131 E\u015fyalar\u0131n\u0131z\u0131 g\u00fcvenle ta\u015f\u0131tmak i\u00e7in do\u011fru adrestesiniz.\",\"breadcrumb\":{\"@id\":\"https:\\\/\\\/emniyetnakliyat.com\\\/nevsehir\\\/nevsehir-turkiyenin-en-iyi-nakliye-firmalari\\\/#breadcrumb\"},\"inLanguage\":\"tr\",\"potentialAction\":[{\"@type\":\"ReadAction\",\"target\":[\"https:\\\/\\\/emniyetnakliyat.com\\\/nevsehir\\\/nevsehir-turkiyenin-en-iyi-nakliye-firmalari\\\/\"]}]},{\"@type\":\"BreadcrumbList\",\"@id\":\"https:\\\/\\\/emniyetnakliyat.com\\\/nevsehir\\\/nevsehir-turkiyenin-en-iyi-nakliye-firmalari\\\/#breadcrumb\",\"itemListElement\":[{\"@type\":\"ListItem\",\"position\":1,\"name\":\"Anasayfa\",\"item\":\"https:\\\/\\\/emniyetnakliyat.com\\\/nevsehir\\\/\"},{\"@type\":\"ListItem\",\"position\":2,\"name\":\"Nev\u015fehir \u2013 T\u00fcrkiye\u2019nin En \u0130yi Nakliye Firmalar\u0131\"}]},{\"@type\":\"WebSite\",\"@id\":\"https:\\\/\\\/emniyetnakliyat.com\\\/nevsehir\\\/#website\",\"url\":\"https:\\\/\\\/emniyetnakliyat.com\\\/nevsehir\\\/\",\"name\":\"Nev\u015fehir Evden Eve Nakliyat\",\"description\":\"Nev\u015fehir Evden Eve\",\"publisher\":{\"@id\":\"https:\\\/\\\/emniyetnakliyat.com\\\/nevsehir\\\/#organization\"},\"alternateName\":\"Nev\u015fehir Evden Eve\",\"potentialAction\":[{\"@type\":\"SearchAction\",\"target\":{\"@type\":\"EntryPoint\",\"urlTemplate\":\"https:\\\/\\\/emniyetnakliyat.com\\\/nevsehir\\\/?s={search_term_string}\"},\"query-input\":{\"@type\":\"PropertyValueSpecification\",\"valueRequired\":true,\"valueName\":\"search_term_string\"}}],\"inLanguage\":\"tr\"},{\"@type\":\"Organization\",\"@id\":\"https:\\\/\\\/emniyetnakliyat.com\\\/nevsehir\\\/#organization\",\"name\":\"nev\u015fehir evden eve nakliyat fiyatlar\u0131\",\"alternateName\":\"nev\u015fehir evden eve ta\u015f\u0131ma fiyatlar\u0131\",\"url\":\"https:\\\/\\\/emniyetnakliyat.com\\\/nevsehir\\\/\",\"logo\":{\"@type\":\"ImageObject\",\"inLanguage\":\"tr\",\"@id\":\"https:\\\/\\\/emniyetnakliyat.com\\\/nevsehir\\\/#\\\/schema\\\/logo\\\/image\\\/\",\"url\":\"https:\\\/\\\/emniyetnakliyat.com\\\/nevsehir\\\/wp-content\\\/uploads\\\/sites\\\/3\\\/2025\\\/07\\\/iltisim-kamyon-resimi-evden-eve-nakliyat.jpg\",\"contentUrl\":\"https:\\\/\\\/emniyetnakliyat.com\\\/nevsehir\\\/wp-content\\\/uploads\\\/sites\\\/3\\\/2025\\\/07\\\/iltisim-kamyon-resimi-evden-eve-nakliyat.jpg\",\"width\":330,\"height\":295,\"caption\":\"nev\u015fehir evden eve nakliyat fiyatlar\u0131\"},\"image\":{\"@id\":\"https:\\\/\\\/emniyetnakliyat.com\\\/nevsehir\\\/#\\\/schema\\\/logo\\\/image\\\/\"}},{\"@type\":\"Person\",\"@id\":\"https:\\\/\\\/emniyetnakliyat.com\\\/nevsehir\\\/#\\\/schema\\\/person\\\/cae47676b1897faa81eb1abdb4966ab7\",\"name\":\"dursun\",\"image\":{\"@type\":\"ImageObject\",\"inLanguage\":\"tr\",\"@id\":\"https:\\\/\\\/secure.gravatar.com\\\/avatar\\\/00d536440383b6da8bc49cec7f82c5ab521a2fe088fc11011f31694a92c84d45?s=96&d=mm&r=g\",\"url\":\"https:\\\/\\\/secure.gravatar.com\\\/avatar\\\/00d536440383b6da8bc49cec7f82c5ab521a2fe088fc11011f31694a92c84d45?s=96&d=mm&r=g\",\"contentUrl\":\"https:\\\/\\\/secure.gravatar.com\\\/avatar\\\/00d536440383b6da8bc49cec7f82c5ab521a2fe088fc11011f31694a92c84d45?s=96&d=mm&r=g\",\"caption\":\"dursun\"},\"description\":\"## \u2753 Nakliyat ile \u0130lgili S\u0131k\u00e7a Sorulan Sorular ### 1. **Evden eve nakliyat nedir?** Evden eve nakliyat, e\u015fyalar\u0131n\u0131z\u0131n mevcut adresinizden al\u0131narak yeni adresinize g\u00fcvenli ve d\u00fczenli bir \u015fekilde ta\u015f\u0131nmas\u0131 i\u015flemidir. Paketleme, ta\u015f\u0131ma, montaj ve yerle\u015ftirme gibi a\u015famalar\u0131 kapsar. --- ### 2. **Ta\u015f\u0131nmadan ne kadar s\u00fcre \u00f6nce rezervasyon yapt\u0131rmal\u0131y\u0131m?** Ta\u015f\u0131nma tarihinden en az 3-7 g\u00fcn \u00f6nce firmam\u0131zla ileti\u015fime ge\u00e7meniz, uygun zaman ve ekip planlamas\u0131 a\u00e7\u0131s\u0131ndan \u00f6nemlidir. Yo\u011fun d\u00f6nemlerde daha erken rezervasyon \u00f6nerilir. --- ### 3. **E\u015fyalar\u0131m ta\u015f\u0131n\u0131rken sigorta yap\u0131l\u0131yor mu?** Evet, Emniyet Nakliyat olarak t\u00fcm \u015fehir i\u00e7i ve \u015fehirler aras\u0131 ta\u015f\u0131malar\u0131m\u0131zda sigortal\u0131 nakliyat hizmeti sunuyoruz. Olas\u0131 zararlar sigorta kapsam\u0131nda kar\u015f\u0131lan\u0131r. --- ### 4. **Ambalajlama hizmeti sunuyor musunuz?** Kesinlikle. T\u00fcm e\u015fyalar\u0131n\u0131z, \u00e7izilme, k\u0131r\u0131lma veya ezilmelere kar\u015f\u0131 \u00f6zel ambalaj malzemeleri kullan\u0131larak profesyonelce paketlenir. --- ### 5. **Mobilyalar\u0131n montaj ve demontaj i\u015flemleri yap\u0131l\u0131r m\u0131?** Evet. Marangoz ekibimiz b\u00fcy\u00fck mobilyalar\u0131n\u0131z\u0131 ta\u015f\u0131madan \u00f6nce s\u00f6ker, yeni evinizde tekrar kurulumunu yapar. --- ### 6. **Asans\u00f6rl\u00fc ta\u015f\u0131ma hizmetiniz var m\u0131?** Evet, y\u00fcksek katl\u0131 binalarda bina i\u00e7i riski ortadan kald\u0131rmak i\u00e7in d\u0131\u015f cephe asans\u00f6rl\u00fc ta\u015f\u0131ma hizmeti sunmaktay\u0131z. --- ### 7. **Ta\u015f\u0131nma i\u015flemi hangi saatlerde ba\u015fl\u0131yor?** Genellikle sabah erken saatlerde (07:00 - 09:00 aras\u0131) ta\u015f\u0131ma ba\u015flat\u0131l\u0131r. Ancak m\u00fc\u015fteri talebine g\u00f6re saat esnekli\u011fi sa\u011flanabilir. --- ### 8. **Ta\u015f\u0131ma s\u00fcresi ne kadar s\u00fcrer?** Ta\u015f\u0131ma s\u00fcresi e\u015fya miktar\u0131na, kat say\u0131s\u0131na ve gidilecek mesafeye ba\u011fl\u0131 olarak de\u011fi\u015fir. Genellikle \u015fehir i\u00e7i ta\u015f\u0131malar ayn\u0131 g\u00fcn i\u00e7erisinde tamamlan\u0131r. --- ### 9. **Nakliyat fiyatlar\u0131 nas\u0131l belirleniyor?** Fiyatland\u0131rma; e\u015fya yo\u011funlu\u011fu, kat durumu, mesafe, asans\u00f6r ihtiyac\u0131 ve ek hizmetlere g\u00f6re belirlenir. \u00dccretsiz ekspertiz hizmeti ile net fiyat teklifi sunulur. --- ### 10. **\u015eehirler aras\u0131 ta\u015f\u0131mac\u0131l\u0131k yap\u0131yor musunuz?** Evet. T\u00fcrkiye\u2019nin 81 iline profesyonel \u015fehirler aras\u0131 ta\u015f\u0131mac\u0131l\u0131k hizmeti sunmaktay\u0131z. --- ### 11. **Ta\u015f\u0131ma g\u00fcn\u00fc evde bulunmam \u015fart m\u0131?** Tercihen ev sahibi ya da yetkili bir ki\u015finin ta\u015f\u0131ma g\u00fcn\u00fc adreste bulunmas\u0131, s\u00fcrecin sa\u011fl\u0131kl\u0131 ilerlemesi a\u00e7\u0131s\u0131ndan \u00f6nemlidir. --- ### 12. **K\u0131r\u0131lacak e\u015fyalar i\u00e7in \u00f6zel koruma sa\u011flan\u0131yor mu?** Evet. Cam, porselen ve elektronik gibi hassas e\u015fyalar i\u00e7in ekstra korumal\u0131 ambalaj ve \u00f6zel kolileme sistemi uygulan\u0131r. --- ### 13. **E\u015fyalar\u0131m hangi ara\u00e7larla ta\u015f\u0131n\u0131yor?** E\u015fyalar\u0131n\u0131z, ta\u015f\u0131ma hacmine uygun b\u00fcy\u00fckl\u00fckte kapal\u0131 kasa, yast\u0131kl\u0131 ve sabitleme sistemli \u00f6zel nakliye ara\u00e7lar\u0131m\u0131zla ta\u015f\u0131n\u0131r. --- ### 14. **E\u015fyalar\u0131m\u0131 ge\u00e7ici olarak depolayabilir miyim?** Elbette. K\u0131sa veya uzun s\u00fcreli e\u015fya depolama \u00e7\u00f6z\u00fcmlerimizle, e\u015fyalar\u0131n\u0131z\u0131 g\u00fcvenli ortamlarda muhafaza ediyoruz. --- ### 15. **Nakliye hizmetiniz haftan\u0131n her g\u00fcn\u00fc a\u00e7\u0131k m\u0131?** Evet. Hafta i\u00e7i ve hafta sonu dahil olmak \u00fczere, talepler do\u011frultusunda her g\u00fcn hizmet vermekteyiz. -\",\"sameAs\":[\"https:\\\/\\\/emniyetnakliyat.com\"]}]}<\/script>\n<!-- \/ Yoast SEO plugin. -->","yoast_head_json":{"title":"Nev\u015fehir \u2013 T\u00fcrkiye\u2019nin En \u0130yi Nakliye Firmalar\u0131","description":"Nev\u015fehir \u2013 T\u00fcrkiye\u2019nin En \u0130yi Nakliye Firmalar\u0131 E\u015fyalar\u0131n\u0131z\u0131 g\u00fcvenle ta\u015f\u0131tmak i\u00e7in do\u011fru adrestesiniz.","robots":{"index":"index","follow":"follow","max-snippet":"max-snippet:-1","max-image-preview":"max-image-preview:large","max-video-preview":"max-video-preview:-1"},"canonical":"https:\/\/emniyetnakliyat.com\/nevsehir\/nevsehir-turkiyenin-en-iyi-nakliye-firmalari\/","og_locale":"tr_TR","og_type":"article","og_title":"Nev\u015fehir \u2013 T\u00fcrkiye\u2019nin En \u0130yi Nakliye Firmalar\u0131","og_description":"Nev\u015fehir \u2013 T\u00fcrkiye\u2019nin En \u0130yi Nakliye Firmalar\u0131 E\u015fyalar\u0131n\u0131z\u0131 g\u00fcvenle ta\u015f\u0131tmak i\u00e7in do\u011fru adrestesiniz.","og_url":"https:\/\/emniyetnakliyat.com\/nevsehir\/nevsehir-turkiyenin-en-iyi-nakliye-firmalari\/","og_site_name":"Nev\u015fehir Evden Eve Nakliyat","article_published_time":"2025-09-25T16:16:47+00:00","article_modified_time":"2026-04-24T09:40:24+00:00","og_image":[{"width":330,"height":295,"url":"https:\/\/emniyetnakliyat.com\/nevsehir\/wp-content\/uploads\/sites\/3\/2025\/07\/iltisim-kamyon-resimi-evden-eve-nakliyat.jpg","type":"image\/jpeg"}],"author":"dursun","twitter_card":"summary_large_image","twitter_misc":{"Yazan:":"dursun","Tahmini okuma s\u00fcresi":"3 dakika"},"schema":{"@context":"https:\/\/schema.org","@graph":[{"@type":"Article","@id":"https:\/\/emniyetnakliyat.com\/nevsehir\/nevsehir-turkiyenin-en-iyi-nakliye-firmalari\/#article","isPartOf":{"@id":"https:\/\/emniyetnakliyat.com\/nevsehir\/nevsehir-turkiyenin-en-iyi-nakliye-firmalari\/"},"author":{"name":"dursun","@id":"https:\/\/emniyetnakliyat.com\/nevsehir\/#\/schema\/person\/cae47676b1897faa81eb1abdb4966ab7"},"headline":"Nev\u015fehir \u2013 T\u00fcrkiye\u2019nin En \u0130yi Nakliye Firmalar\u0131","datePublished":"2025-09-25T16:16:47+00:00","dateModified":"2026-04-24T09:40:24+00:00","mainEntityOfPage":{"@id":"https:\/\/emniyetnakliyat.com\/nevsehir\/nevsehir-turkiyenin-en-iyi-nakliye-firmalari\/"},"wordCount":648,"publisher":{"@id":"https:\/\/emniyetnakliyat.com\/nevsehir\/#organization"},"articleSection":["Nev\u015fehir Nakliyat"],"inLanguage":"tr"},{"@type":"WebPage","@id":"https:\/\/emniyetnakliyat.com\/nevsehir\/nevsehir-turkiyenin-en-iyi-nakliye-firmalari\/","url":"https:\/\/emniyetnakliyat.com\/nevsehir\/nevsehir-turkiyenin-en-iyi-nakliye-firmalari\/","name":"Nev\u015fehir \u2013 T\u00fcrkiye\u2019nin En \u0130yi Nakliye Firmalar\u0131","isPartOf":{"@id":"https:\/\/emniyetnakliyat.com\/nevsehir\/#website"},"datePublished":"2025-09-25T16:16:47+00:00","dateModified":"2026-04-24T09:40:24+00:00","description":"Nev\u015fehir \u2013 T\u00fcrkiye\u2019nin En \u0130yi Nakliye Firmalar\u0131 E\u015fyalar\u0131n\u0131z\u0131 g\u00fcvenle ta\u015f\u0131tmak i\u00e7in do\u011fru adrestesiniz.","breadcrumb":{"@id":"https:\/\/emniyetnakliyat.com\/nevsehir\/nevsehir-turkiyenin-en-iyi-nakliye-firmalari\/#breadcrumb"},"inLanguage":"tr","potentialAction":[{"@type":"ReadAction","target":["https:\/\/emniyetnakliyat.com\/nevsehir\/nevsehir-turkiyenin-en-iyi-nakliye-firmalari\/"]}]},{"@type":"BreadcrumbList","@id":"https:\/\/emniyetnakliyat.com\/nevsehir\/nevsehir-turkiyenin-en-iyi-nakliye-firmalari\/#breadcrumb","itemListElement":[{"@type":"ListItem","position":1,"name":"Anasayfa","item":"https:\/\/emniyetnakliyat.com\/nevsehir\/"},{"@type":"ListItem","position":2,"name":"Nev\u015fehir \u2013 T\u00fcrkiye\u2019nin En \u0130yi Nakliye Firmalar\u0131"}]},{"@type":"WebSite","@id":"https:\/\/emniyetnakliyat.com\/nevsehir\/#website","url":"https:\/\/emniyetnakliyat.com\/nevsehir\/","name":"Nev\u015fehir Evden Eve Nakliyat","description":"Nev\u015fehir Evden Eve","publisher":{"@id":"https:\/\/emniyetnakliyat.com\/nevsehir\/#organization"},"alternateName":"Nev\u015fehir Evden Eve","potentialAction":[{"@type":"SearchAction","target":{"@type":"EntryPoint","urlTemplate":"https:\/\/emniyetnakliyat.com\/nevsehir\/?s={search_term_string}"},"query-input":{"@type":"PropertyValueSpecification","valueRequired":true,"valueName":"search_term_string"}}],"inLanguage":"tr"},{"@type":"Organization","@id":"https:\/\/emniyetnakliyat.com\/nevsehir\/#organization","name":"nev\u015fehir evden eve nakliyat fiyatlar\u0131","alternateName":"nev\u015fehir evden eve ta\u015f\u0131ma fiyatlar\u0131","url":"https:\/\/emniyetnakliyat.com\/nevsehir\/","logo":{"@type":"ImageObject","inLanguage":"tr","@id":"https:\/\/emniyetnakliyat.com\/nevsehir\/#\/schema\/logo\/image\/","url":"https:\/\/emniyetnakliyat.com\/nevsehir\/wp-content\/uploads\/sites\/3\/2025\/07\/iltisim-kamyon-resimi-evden-eve-nakliyat.jpg","contentUrl":"https:\/\/emniyetnakliyat.com\/nevsehir\/wp-content\/uploads\/sites\/3\/2025\/07\/iltisim-kamyon-resimi-evden-eve-nakliyat.jpg","width":330,"height":295,"caption":"nev\u015fehir evden eve nakliyat fiyatlar\u0131"},"image":{"@id":"https:\/\/emniyetnakliyat.com\/nevsehir\/#\/schema\/logo\/image\/"}},{"@type":"Person","@id":"https:\/\/emniyetnakliyat.com\/nevsehir\/#\/schema\/person\/cae47676b1897faa81eb1abdb4966ab7","name":"dursun","image":{"@type":"ImageObject","inLanguage":"tr","@id":"https:\/\/secure.gravatar.com\/avatar\/00d536440383b6da8bc49cec7f82c5ab521a2fe088fc11011f31694a92c84d45?s=96&d=mm&r=g","url":"https:\/\/secure.gravatar.com\/avatar\/00d536440383b6da8bc49cec7f82c5ab521a2fe088fc11011f31694a92c84d45?s=96&d=mm&r=g","contentUrl":"https:\/\/secure.gravatar.com\/avatar\/00d536440383b6da8bc49cec7f82c5ab521a2fe088fc11011f31694a92c84d45?s=96&d=mm&r=g","caption":"dursun"},"description":"## \u2753 Nakliyat ile \u0130lgili S\u0131k\u00e7a Sorulan Sorular ### 1. **Evden eve nakliyat nedir?** Evden eve nakliyat, e\u015fyalar\u0131n\u0131z\u0131n mevcut adresinizden al\u0131narak yeni adresinize g\u00fcvenli ve d\u00fczenli bir \u015fekilde ta\u015f\u0131nmas\u0131 i\u015flemidir. Paketleme, ta\u015f\u0131ma, montaj ve yerle\u015ftirme gibi a\u015famalar\u0131 kapsar. --- ### 2. **Ta\u015f\u0131nmadan ne kadar s\u00fcre \u00f6nce rezervasyon yapt\u0131rmal\u0131y\u0131m?** Ta\u015f\u0131nma tarihinden en az 3-7 g\u00fcn \u00f6nce firmam\u0131zla ileti\u015fime ge\u00e7meniz, uygun zaman ve ekip planlamas\u0131 a\u00e7\u0131s\u0131ndan \u00f6nemlidir. Yo\u011fun d\u00f6nemlerde daha erken rezervasyon \u00f6nerilir. --- ### 3. **E\u015fyalar\u0131m ta\u015f\u0131n\u0131rken sigorta yap\u0131l\u0131yor mu?** Evet, Emniyet Nakliyat olarak t\u00fcm \u015fehir i\u00e7i ve \u015fehirler aras\u0131 ta\u015f\u0131malar\u0131m\u0131zda sigortal\u0131 nakliyat hizmeti sunuyoruz. Olas\u0131 zararlar sigorta kapsam\u0131nda kar\u015f\u0131lan\u0131r. --- ### 4. **Ambalajlama hizmeti sunuyor musunuz?** Kesinlikle. T\u00fcm e\u015fyalar\u0131n\u0131z, \u00e7izilme, k\u0131r\u0131lma veya ezilmelere kar\u015f\u0131 \u00f6zel ambalaj malzemeleri kullan\u0131larak profesyonelce paketlenir. --- ### 5. **Mobilyalar\u0131n montaj ve demontaj i\u015flemleri yap\u0131l\u0131r m\u0131?** Evet. Marangoz ekibimiz b\u00fcy\u00fck mobilyalar\u0131n\u0131z\u0131 ta\u015f\u0131madan \u00f6nce s\u00f6ker, yeni evinizde tekrar kurulumunu yapar. --- ### 6. **Asans\u00f6rl\u00fc ta\u015f\u0131ma hizmetiniz var m\u0131?** Evet, y\u00fcksek katl\u0131 binalarda bina i\u00e7i riski ortadan kald\u0131rmak i\u00e7in d\u0131\u015f cephe asans\u00f6rl\u00fc ta\u015f\u0131ma hizmeti sunmaktay\u0131z. --- ### 7. **Ta\u015f\u0131nma i\u015flemi hangi saatlerde ba\u015fl\u0131yor?** Genellikle sabah erken saatlerde (07:00 - 09:00 aras\u0131) ta\u015f\u0131ma ba\u015flat\u0131l\u0131r. Ancak m\u00fc\u015fteri talebine g\u00f6re saat esnekli\u011fi sa\u011flanabilir. --- ### 8. **Ta\u015f\u0131ma s\u00fcresi ne kadar s\u00fcrer?** Ta\u015f\u0131ma s\u00fcresi e\u015fya miktar\u0131na, kat say\u0131s\u0131na ve gidilecek mesafeye ba\u011fl\u0131 olarak de\u011fi\u015fir. Genellikle \u015fehir i\u00e7i ta\u015f\u0131malar ayn\u0131 g\u00fcn i\u00e7erisinde tamamlan\u0131r. --- ### 9. **Nakliyat fiyatlar\u0131 nas\u0131l belirleniyor?** Fiyatland\u0131rma; e\u015fya yo\u011funlu\u011fu, kat durumu, mesafe, asans\u00f6r ihtiyac\u0131 ve ek hizmetlere g\u00f6re belirlenir. \u00dccretsiz ekspertiz hizmeti ile net fiyat teklifi sunulur. --- ### 10. **\u015eehirler aras\u0131 ta\u015f\u0131mac\u0131l\u0131k yap\u0131yor musunuz?** Evet. T\u00fcrkiye\u2019nin 81 iline profesyonel \u015fehirler aras\u0131 ta\u015f\u0131mac\u0131l\u0131k hizmeti sunmaktay\u0131z. --- ### 11. **Ta\u015f\u0131ma g\u00fcn\u00fc evde bulunmam \u015fart m\u0131?** Tercihen ev sahibi ya da yetkili bir ki\u015finin ta\u015f\u0131ma g\u00fcn\u00fc adreste bulunmas\u0131, s\u00fcrecin sa\u011fl\u0131kl\u0131 ilerlemesi a\u00e7\u0131s\u0131ndan \u00f6nemlidir. --- ### 12. **K\u0131r\u0131lacak e\u015fyalar i\u00e7in \u00f6zel koruma sa\u011flan\u0131yor mu?** Evet. Cam, porselen ve elektronik gibi hassas e\u015fyalar i\u00e7in ekstra korumal\u0131 ambalaj ve \u00f6zel kolileme sistemi uygulan\u0131r. --- ### 13. **E\u015fyalar\u0131m hangi ara\u00e7larla ta\u015f\u0131n\u0131yor?** E\u015fyalar\u0131n\u0131z, ta\u015f\u0131ma hacmine uygun b\u00fcy\u00fckl\u00fckte kapal\u0131 kasa, yast\u0131kl\u0131 ve sabitleme sistemli \u00f6zel nakliye ara\u00e7lar\u0131m\u0131zla ta\u015f\u0131n\u0131r. --- ### 14. **E\u015fyalar\u0131m\u0131 ge\u00e7ici olarak depolayabilir miyim?** Elbette. K\u0131sa veya uzun s\u00fcreli e\u015fya depolama \u00e7\u00f6z\u00fcmlerimizle, e\u015fyalar\u0131n\u0131z\u0131 g\u00fcvenli ortamlarda muhafaza ediyoruz. --- ### 15. **Nakliye hizmetiniz haftan\u0131n her g\u00fcn\u00fc a\u00e7\u0131k m\u0131?** Evet. Hafta i\u00e7i ve hafta sonu dahil olmak \u00fczere, talepler do\u011frultusunda her g\u00fcn hizmet vermekteyiz. -","sameAs":["https:\/\/emniyetnakliyat.com"]}]}},"_links":{"self":[{"href":"https:\/\/emniyetnakliyat.com\/nevsehir\/wp-json\/wp\/v2\/posts\/67","targetHints":{"allow":["GET"]}}],"collection":[{"href":"https:\/\/emniyetnakliyat.com\/nevsehir\/wp-json\/wp\/v2\/posts"}],"about":[{"href":"https:\/\/emniyetnakliyat.com\/nevsehir\/wp-json\/wp\/v2\/types\/post"}],"author":[{"embeddable":true,"href":"https:\/\/emniyetnakliyat.com\/nevsehir\/wp-json\/wp\/v2\/users\/1"}],"replies":[{"embeddable":true,"href":"https:\/\/emniyetnakliyat.com\/nevsehir\/wp-json\/wp\/v2\/comments?post=67"}],"version-history":[{"count":1,"href":"https:\/\/emniyetnakliyat.com\/nevsehir\/wp-json\/wp\/v2\/posts\/67\/revisions"}],"predecessor-version":[{"id":97,"href":"https:\/\/emniyetnakliyat.com\/nevsehir\/wp-json\/wp\/v2\/posts\/67\/revisions\/97"}],"wp:attachment":[{"href":"https:\/\/emniyetnakliyat.com\/nevsehir\/wp-json\/wp\/v2\/media?parent=67"}],"wp:term":[{"taxonomy":"category","embeddable":true,"href":"https:\/\/emniyetnakliyat.com\/nevsehir\/wp-json\/wp\/v2\/categories?post=67"},{"taxonomy":"post_tag","embeddable":true,"href":"https:\/\/emniyetnakliyat.com\/nevsehir\/wp-json\/wp\/v2\/tags?post=67"}],"curies":[{"name":"wp","href":"https:\/\/api.w.org\/{rel}","templated":true}]}}