{"id":65,"date":"2025-09-25T19:14:03","date_gmt":"2025-09-25T16:14:03","guid":{"rendered":"https:\/\/emniyetnakliyat.com\/nevsehir\/?p=65"},"modified":"2026-04-24T12:40:24","modified_gmt":"2026-04-24T09:40:24","slug":"nevsehir-nakliye-firmalari","status":"publish","type":"post","link":"https:\/\/emniyetnakliyat.com\/nevsehir\/nevsehir-nakliye-firmalari\/","title":{"rendered":"Nev\u015fehir Nakliye Firmalar\u0131"},"content":{"rendered":"\n<h2 class=\"wp-block-heading\">Nev\u015fehir Nakliye Firmalar\u0131 \u2013 Emniyet Nakliyat ile Profesyonel &amp; G\u00fcvenilir Ta\u015f\u0131mac\u0131l\u0131k<\/h2>\n\n\n\n<p>Nev\u015fehir\u2019de nakliye firmas\u0131 ar\u0131yorsan\u0131z, <strong>Emniyet Nakliyat<\/strong> olarak sekt\u00f6rdeki tecr\u00fcbemiz, kaliteli ara\u00e7 alt yap\u0131m\u0131z ve m\u00fc\u015fteri odakl\u0131 hizmet anlay\u0131\u015f\u0131m\u0131zla bir ad\u0131m \u00f6ndeyiz. Ev ta\u015f\u0131mac\u0131l\u0131\u011f\u0131, ofis ta\u015f\u0131ma veya e\u015fyalar\u0131n \u015fehirleraras\u0131 nakliyesi konular\u0131nda beklentilerinizi kar\u015f\u0131layacak profesyonel \u00e7\u00f6z\u00fcmler sunar\u0131z.<\/p>\n\n\n\n<hr class=\"wp-block-separator has-alpha-channel-opacity\"\/>\n\n\n\n<h3 class=\"wp-block-heading\">\u2705 Emniyet Nakliyat\u2019\u0131 Tercih Etmeniz \u0130\u00e7in Nedenler<\/h3>\n\n\n\n<ul class=\"wp-block-list\">\n<li><strong>Uzman kadro &amp; modern ekipmanlar<\/strong>: E\u011fitimli personel, koruyucu ambalaj malzemeleri, g\u00fcvenli ta\u015f\u0131ma ara\u00e7lar\u0131 ile t\u00fcm e\u015fyalar\u0131n\u0131z zarar g\u00f6rmeden ta\u015f\u0131n\u0131r.<\/li>\n\n\n\n<li><strong>Asans\u00f6rl\u00fc ta\u015f\u0131ma se\u00e7ene\u011fi<\/strong>: Y\u00fcksek katl\u0131 binalar ya da dar merdivenli yerlerde, e\u015fyalar\u0131n daha az riskle ve daha h\u0131zl\u0131 ta\u015f\u0131nmas\u0131n\u0131 sa\u011flar.<\/li>\n\n\n\n<li><strong>Rekabet\u00e7i fiyatland\u0131rma + \u015feffaf teklif<\/strong>: Fiyat teklifimiz detayl\u0131, ek \u00fccretler a\u00e7\u0131k\u00e7a belirtilmi\u015f; s\u00fcrpriz maliyetlerle kar\u015f\u0131la\u015fmazs\u0131n\u0131z.<\/li>\n\n\n\n<li><strong>Esnek hizmet alan\u0131<\/strong>: \u015eehir i\u00e7i ta\u015f\u0131mac\u0131l\u0131ktan \u015fehirleraras\u0131 nakliyeye; evden eve nakliyattan ofis ta\u015f\u0131mas\u0131na kadar geni\u015f kapsaml\u0131 \u00e7\u00f6z\u00fcmler.<\/li>\n<\/ul>\n\n\n\n<hr class=\"wp-block-separator has-alpha-channel-opacity\"\/>\n\n\n\n<h3 class=\"wp-block-heading\">\ud83c\udfe1 Hizmet Kapsam\u0131m\u0131z<\/h3>\n\n\n\n<ul class=\"wp-block-list\">\n<li><strong>Evden Eve Nakliyat<\/strong><br>Koliden mobilyaya, beyaz e\u015fyadan de\u011ferli e\u015fyaya kadar t\u00fcm e\u015fyalar\u0131n\u0131z titizlikle paketlenir, ta\u015f\u0131n\u0131r ve yerle\u015ftirilir.<\/li>\n\n\n\n<li><strong>Ofis &amp; Kurumsal Ta\u015f\u0131mac\u0131l\u0131k<\/strong><br>Ofis mobilyalar\u0131, teknik cihazlar, d\u00f6\u015feme gibi kurumsal e\u015fya t\u00fcrleri; i\u015f s\u00fcreklili\u011fini aksatmadan ta\u015f\u0131n\u0131r.<\/li>\n\n\n\n<li><strong>\u015eehirleraras\u0131 Nakliye<\/strong><br>T\u00fcrkiye\u2019nin farkl\u0131 illerine g\u00fcvenli rota planlamas\u0131, kamyon &amp; TIR deste\u011fi ile zaman\u0131nda teslimat.<\/li>\n\n\n\n<li><strong>Asans\u00f6rl\u00fc Ta\u015f\u0131ma<\/strong><br>Giri\u015f \/ \u00e7\u0131k\u0131\u015f eri\u015fiminin k\u0131s\u0131tl\u0131 oldu\u011fu binalarda \u00f6zel asans\u00f6r sistemi ile ta\u015f\u0131nma s\u00fcreci h\u0131zlan\u0131r ve e\u015fya g\u00fcvenli\u011fi artar.<\/li>\n<\/ul>\n\n\n\n<hr class=\"wp-block-separator has-alpha-channel-opacity\"\/>\n\n\n\n<h3 class=\"wp-block-heading\">\ud83d\udd0d S\u00fcre\u00e7 &amp; Kalite G\u00fcvencesi<\/h3>\n\n\n\n<ol class=\"wp-block-list\">\n<li><strong>Bedava ke\u015fif &amp; ekspertiz<\/strong> \u2014 Adrese \u00fccretsiz gelip e\u015fya ve bulunulan yer analizi yap\u0131l\u0131r.<\/li>\n\n\n\n<li><strong>Detayl\u0131 planlama<\/strong> \u2014 Ta\u015f\u0131ma tarihi, rota, ambalaj tipi, ekip say\u0131s\u0131 \u00f6nceden belirlenir.<\/li>\n\n\n\n<li><strong>Ambalaj &amp; paketleme<\/strong> \u2014 E\u015fyalar\u0131n\u0131z \u00e7izilme, k\u0131r\u0131lma gibi risklere kar\u015f\u0131 \u00f6zel materyallerle korunur.<\/li>\n\n\n\n<li><strong>Nakliye i\u015flemi<\/strong> \u2014 Asans\u00f6r kurulumu gerekiyorsa kurulumu yap\u0131l\u0131r, ta\u015f\u0131ma ekibi koordineli \u00e7al\u0131\u015f\u0131r.<\/li>\n\n\n\n<li><strong>Yerle\u015ftirme &amp; montaj<\/strong> \u2014 Yeni adreste e\u015fya yerle\u015fimi, gerekli ise mobilya montaj\u0131 ve d\u00fczenleme.<\/li>\n\n\n\n<li><strong>Teslim ve kontrol<\/strong> \u2014 Ta\u015f\u0131ma sonras\u0131 kontrol sizinle birlikte yap\u0131l\u0131r; memnuniyetiniz esas al\u0131n\u0131r.<\/li>\n<\/ol>\n\n\n\n<hr class=\"wp-block-separator has-alpha-channel-opacity\"\/>\n\n\n\n<h3 class=\"wp-block-heading\">\ud83c\udf10 Nev\u015fehir Nakliye Firmalar\u0131 Aras\u0131nda Emniyet Nakliyat\u2019\u0131n Ayr\u0131cal\u0131\u011f\u0131<\/h3>\n\n\n\n<ul class=\"wp-block-list\">\n<li>B\u00f6lgedeki trafik, yol durumu ve yerel y\u00f6netim izinleri gibi \u00f6zel durumlara hakim olan firmay\u0131z.<\/li>\n\n\n\n<li>Fiyat\/kalite dengesini koruyan hizmet anlay\u0131\u015f\u0131 ile \u201cucuz ama kalitesiz\u201d de\u011fil; \u201cadil fiyatla y\u00fcksek kalite\u201d prensibi.<\/li>\n\n\n\n<li>Yerel referanslar\u0131m\u0131z ve m\u00fc\u015fteri yorumlar\u0131m\u0131z ile g\u00fcvenilirlik kan\u0131tlanm\u0131\u015f durumda.<\/li>\n<\/ul>\n\n\n\n<hr class=\"wp-block-separator has-alpha-channel-opacity\"\/>\n\n\n\n<h3 class=\"wp-block-heading\">\ud83d\udcde Teklif Al &amp; \u0130leti\u015fime Ge\u00e7<\/h3>\n\n\n\n<p>Nev\u015fehir\u2019de nakliye hizmeti mi ar\u0131yorsun? Hemen <strong>Emniyet Nakliyat<\/strong>\u2019tan \u00fccretsiz ke\u015fif ve teklif al:<\/p>\n\n\n\n<ul class=\"wp-block-list\">\n<li>Telefon: \u202605545309748<\/li>\n\n\n\n<li>E-posta: \u2026info@emniyetnakliyat.com\/nevsehir\/<\/li>\n\n\n\n<li>Web sitemiz \u00fczerinden teklif formu doldurarak ya da bizi ziyaret ederek. https:\/\/emniyetnakliyat.com\/nevsehir\/<\/li>\n<\/ul>\n\n\n\n<hr class=\"wp-block-separator has-alpha-channel-opacity\"\/>\n\n\n\n<p>Emniyet Nakliyat olarak, <strong>Nev\u015fehir nakliye firmalar\u0131<\/strong> aras\u0131nda en \u00e7ok tercih edilen hizmet sa\u011flay\u0131c\u0131 olmaya devam ediyoruz. Ta\u015f\u0131mac\u0131l\u0131k s\u00fcrecinizin her a\u015famas\u0131nda yan\u0131n\u0131zday\u0131z, e\u015fyalar\u0131n\u0131z g\u00fcvenle yeni adresine ula\u015fs\u0131n.<\/p>\n\n\n\n<hr class=\"wp-block-separator has-alpha-channel-opacity\"\/>\n\n\n\n<p><\/p>\n","protected":false},"excerpt":{"rendered":"<p>Nev\u015fehir Nakliye Firmalar\u0131 \u2013 Emniyet Nakliyat ile Profesyonel &amp; G\u00fcvenilir Ta\u015f\u0131mac\u0131l\u0131k Nev\u015fehir\u2019de nakliye firmas\u0131 ar\u0131yorsan\u0131z, Emniyet Nakliyat olarak sekt\u00f6rdeki tecr\u00fcbemiz, kaliteli ara\u00e7 alt yap\u0131m\u0131z ve m\u00fc\u015fteri odakl\u0131 hizmet anlay\u0131\u015f\u0131m\u0131zla bir ad\u0131m \u00f6ndeyiz. Ev ta\u015f\u0131mac\u0131l\u0131\u011f\u0131, ofis ta\u015f\u0131ma veya e\u015fyalar\u0131n \u015fehirleraras\u0131 nakliyesi konular\u0131nda beklentilerinizi kar\u015f\u0131layacak profesyonel \u00e7\u00f6z\u00fcmler sunar\u0131z. \u2705 Emniyet Nakliyat\u2019\u0131 Tercih Etmeniz \u0130\u00e7in Nedenler \ud83c\udfe1 Hizmet [&hellip;]<\/p>\n","protected":false},"author":1,"featured_media":0,"comment_status":"closed","ping_status":"0","sticky":false,"template":"","format":"standard","meta":{"footnotes":""},"categories":[2],"tags":[],"class_list":["post-65","post","type-post","status-publish","format-standard","hentry","category-nevsehir-nakliyat"],"yoast_head":"<!-- This site is optimized with the Yoast SEO plugin v27.4 - https:\/\/yoast.com\/product\/yoast-seo-wordpress\/ -->\n<title>Nev\u015fehir Nakliye Firmalar\u0131<\/title>\n<meta name=\"description\" content=\"Nev\u015fehir Nakliye Firmalar\u0131\" \/>\n<meta name=\"robots\" content=\"index, follow, max-snippet:-1, max-image-preview:large, max-video-preview:-1\" \/>\n<link rel=\"canonical\" href=\"https:\/\/emniyetnakliyat.com\/nevsehir\/nevsehir-nakliye-firmalari\/\" \/>\n<meta property=\"og:locale\" content=\"tr_TR\" \/>\n<meta property=\"og:type\" content=\"article\" \/>\n<meta property=\"og:title\" content=\"Nev\u015fehir Nakliye Firmalar\u0131\" \/>\n<meta property=\"og:description\" content=\"Nev\u015fehir Nakliye Firmalar\u0131\" \/>\n<meta property=\"og:url\" content=\"https:\/\/emniyetnakliyat.com\/nevsehir\/nevsehir-nakliye-firmalari\/\" \/>\n<meta property=\"og:site_name\" content=\"Nev\u015fehir Evden Eve Nakliyat\" \/>\n<meta property=\"article:published_time\" content=\"2025-09-25T16:14:03+00:00\" \/>\n<meta property=\"article:modified_time\" content=\"2026-04-24T09:40:24+00:00\" \/>\n<meta property=\"og:image\" content=\"https:\/\/emniyetnakliyat.com\/nevsehir\/wp-content\/uploads\/sites\/3\/2025\/07\/iltisim-kamyon-resimi-evden-eve-nakliyat.jpg\" \/>\n\t<meta property=\"og:image:width\" content=\"330\" \/>\n\t<meta property=\"og:image:height\" content=\"295\" \/>\n\t<meta property=\"og:image:type\" content=\"image\/jpeg\" \/>\n<meta name=\"author\" content=\"dursun\" \/>\n<meta name=\"twitter:card\" content=\"summary_large_image\" \/>\n<meta name=\"twitter:label1\" content=\"Yazan:\" \/>\n\t<meta name=\"twitter:data1\" content=\"dursun\" \/>\n\t<meta name=\"twitter:label2\" content=\"Tahmini okuma s\u00fcresi\" \/>\n\t<meta name=\"twitter:data2\" content=\"3 dakika\" \/>\n<script type=\"application\/ld+json\" class=\"yoast-schema-graph\">{\"@context\":\"https:\\\/\\\/schema.org\",\"@graph\":[{\"@type\":\"Article\",\"@id\":\"https:\\\/\\\/emniyetnakliyat.com\\\/nevsehir\\\/nevsehir-nakliye-firmalari\\\/#article\",\"isPartOf\":{\"@id\":\"https:\\\/\\\/emniyetnakliyat.com\\\/nevsehir\\\/nevsehir-nakliye-firmalari\\\/\"},\"author\":{\"name\":\"dursun\",\"@id\":\"https:\\\/\\\/emniyetnakliyat.com\\\/nevsehir\\\/#\\\/schema\\\/person\\\/cae47676b1897faa81eb1abdb4966ab7\"},\"headline\":\"Nev\u015fehir Nakliye Firmalar\u0131\",\"datePublished\":\"2025-09-25T16:14:03+00:00\",\"dateModified\":\"2026-04-24T09:40:24+00:00\",\"mainEntityOfPage\":{\"@id\":\"https:\\\/\\\/emniyetnakliyat.com\\\/nevsehir\\\/nevsehir-nakliye-firmalari\\\/\"},\"wordCount\":556,\"publisher\":{\"@id\":\"https:\\\/\\\/emniyetnakliyat.com\\\/nevsehir\\\/#organization\"},\"articleSection\":[\"Nev\u015fehir Nakliyat\"],\"inLanguage\":\"tr\"},{\"@type\":\"WebPage\",\"@id\":\"https:\\\/\\\/emniyetnakliyat.com\\\/nevsehir\\\/nevsehir-nakliye-firmalari\\\/\",\"url\":\"https:\\\/\\\/emniyetnakliyat.com\\\/nevsehir\\\/nevsehir-nakliye-firmalari\\\/\",\"name\":\"Nev\u015fehir Nakliye Firmalar\u0131\",\"isPartOf\":{\"@id\":\"https:\\\/\\\/emniyetnakliyat.com\\\/nevsehir\\\/#website\"},\"datePublished\":\"2025-09-25T16:14:03+00:00\",\"dateModified\":\"2026-04-24T09:40:24+00:00\",\"description\":\"Nev\u015fehir Nakliye Firmalar\u0131\",\"breadcrumb\":{\"@id\":\"https:\\\/\\\/emniyetnakliyat.com\\\/nevsehir\\\/nevsehir-nakliye-firmalari\\\/#breadcrumb\"},\"inLanguage\":\"tr\",\"potentialAction\":[{\"@type\":\"ReadAction\",\"target\":[\"https:\\\/\\\/emniyetnakliyat.com\\\/nevsehir\\\/nevsehir-nakliye-firmalari\\\/\"]}]},{\"@type\":\"BreadcrumbList\",\"@id\":\"https:\\\/\\\/emniyetnakliyat.com\\\/nevsehir\\\/nevsehir-nakliye-firmalari\\\/#breadcrumb\",\"itemListElement\":[{\"@type\":\"ListItem\",\"position\":1,\"name\":\"Anasayfa\",\"item\":\"https:\\\/\\\/emniyetnakliyat.com\\\/nevsehir\\\/\"},{\"@type\":\"ListItem\",\"position\":2,\"name\":\"Nev\u015fehir Nakliye Firmalar\u0131\"}]},{\"@type\":\"WebSite\",\"@id\":\"https:\\\/\\\/emniyetnakliyat.com\\\/nevsehir\\\/#website\",\"url\":\"https:\\\/\\\/emniyetnakliyat.com\\\/nevsehir\\\/\",\"name\":\"Nev\u015fehir Evden Eve Nakliyat\",\"description\":\"Nev\u015fehir Evden Eve\",\"publisher\":{\"@id\":\"https:\\\/\\\/emniyetnakliyat.com\\\/nevsehir\\\/#organization\"},\"alternateName\":\"Nev\u015fehir Evden Eve\",\"potentialAction\":[{\"@type\":\"SearchAction\",\"target\":{\"@type\":\"EntryPoint\",\"urlTemplate\":\"https:\\\/\\\/emniyetnakliyat.com\\\/nevsehir\\\/?s={search_term_string}\"},\"query-input\":{\"@type\":\"PropertyValueSpecification\",\"valueRequired\":true,\"valueName\":\"search_term_string\"}}],\"inLanguage\":\"tr\"},{\"@type\":\"Organization\",\"@id\":\"https:\\\/\\\/emniyetnakliyat.com\\\/nevsehir\\\/#organization\",\"name\":\"nev\u015fehir evden eve nakliyat fiyatlar\u0131\",\"alternateName\":\"nev\u015fehir evden eve ta\u015f\u0131ma fiyatlar\u0131\",\"url\":\"https:\\\/\\\/emniyetnakliyat.com\\\/nevsehir\\\/\",\"logo\":{\"@type\":\"ImageObject\",\"inLanguage\":\"tr\",\"@id\":\"https:\\\/\\\/emniyetnakliyat.com\\\/nevsehir\\\/#\\\/schema\\\/logo\\\/image\\\/\",\"url\":\"https:\\\/\\\/emniyetnakliyat.com\\\/nevsehir\\\/wp-content\\\/uploads\\\/sites\\\/3\\\/2025\\\/07\\\/iltisim-kamyon-resimi-evden-eve-nakliyat.jpg\",\"contentUrl\":\"https:\\\/\\\/emniyetnakliyat.com\\\/nevsehir\\\/wp-content\\\/uploads\\\/sites\\\/3\\\/2025\\\/07\\\/iltisim-kamyon-resimi-evden-eve-nakliyat.jpg\",\"width\":330,\"height\":295,\"caption\":\"nev\u015fehir evden eve nakliyat fiyatlar\u0131\"},\"image\":{\"@id\":\"https:\\\/\\\/emniyetnakliyat.com\\\/nevsehir\\\/#\\\/schema\\\/logo\\\/image\\\/\"}},{\"@type\":\"Person\",\"@id\":\"https:\\\/\\\/emniyetnakliyat.com\\\/nevsehir\\\/#\\\/schema\\\/person\\\/cae47676b1897faa81eb1abdb4966ab7\",\"name\":\"dursun\",\"image\":{\"@type\":\"ImageObject\",\"inLanguage\":\"tr\",\"@id\":\"https:\\\/\\\/secure.gravatar.com\\\/avatar\\\/00d536440383b6da8bc49cec7f82c5ab521a2fe088fc11011f31694a92c84d45?s=96&d=mm&r=g\",\"url\":\"https:\\\/\\\/secure.gravatar.com\\\/avatar\\\/00d536440383b6da8bc49cec7f82c5ab521a2fe088fc11011f31694a92c84d45?s=96&d=mm&r=g\",\"contentUrl\":\"https:\\\/\\\/secure.gravatar.com\\\/avatar\\\/00d536440383b6da8bc49cec7f82c5ab521a2fe088fc11011f31694a92c84d45?s=96&d=mm&r=g\",\"caption\":\"dursun\"},\"description\":\"## \u2753 Nakliyat ile \u0130lgili S\u0131k\u00e7a Sorulan Sorular ### 1. **Evden eve nakliyat nedir?** Evden eve nakliyat, e\u015fyalar\u0131n\u0131z\u0131n mevcut adresinizden al\u0131narak yeni adresinize g\u00fcvenli ve d\u00fczenli bir \u015fekilde ta\u015f\u0131nmas\u0131 i\u015flemidir. Paketleme, ta\u015f\u0131ma, montaj ve yerle\u015ftirme gibi a\u015famalar\u0131 kapsar. --- ### 2. **Ta\u015f\u0131nmadan ne kadar s\u00fcre \u00f6nce rezervasyon yapt\u0131rmal\u0131y\u0131m?** Ta\u015f\u0131nma tarihinden en az 3-7 g\u00fcn \u00f6nce firmam\u0131zla ileti\u015fime ge\u00e7meniz, uygun zaman ve ekip planlamas\u0131 a\u00e7\u0131s\u0131ndan \u00f6nemlidir. Yo\u011fun d\u00f6nemlerde daha erken rezervasyon \u00f6nerilir. --- ### 3. **E\u015fyalar\u0131m ta\u015f\u0131n\u0131rken sigorta yap\u0131l\u0131yor mu?** Evet, Emniyet Nakliyat olarak t\u00fcm \u015fehir i\u00e7i ve \u015fehirler aras\u0131 ta\u015f\u0131malar\u0131m\u0131zda sigortal\u0131 nakliyat hizmeti sunuyoruz. Olas\u0131 zararlar sigorta kapsam\u0131nda kar\u015f\u0131lan\u0131r. --- ### 4. **Ambalajlama hizmeti sunuyor musunuz?** Kesinlikle. T\u00fcm e\u015fyalar\u0131n\u0131z, \u00e7izilme, k\u0131r\u0131lma veya ezilmelere kar\u015f\u0131 \u00f6zel ambalaj malzemeleri kullan\u0131larak profesyonelce paketlenir. --- ### 5. **Mobilyalar\u0131n montaj ve demontaj i\u015flemleri yap\u0131l\u0131r m\u0131?** Evet. Marangoz ekibimiz b\u00fcy\u00fck mobilyalar\u0131n\u0131z\u0131 ta\u015f\u0131madan \u00f6nce s\u00f6ker, yeni evinizde tekrar kurulumunu yapar. --- ### 6. **Asans\u00f6rl\u00fc ta\u015f\u0131ma hizmetiniz var m\u0131?** Evet, y\u00fcksek katl\u0131 binalarda bina i\u00e7i riski ortadan kald\u0131rmak i\u00e7in d\u0131\u015f cephe asans\u00f6rl\u00fc ta\u015f\u0131ma hizmeti sunmaktay\u0131z. --- ### 7. **Ta\u015f\u0131nma i\u015flemi hangi saatlerde ba\u015fl\u0131yor?** Genellikle sabah erken saatlerde (07:00 - 09:00 aras\u0131) ta\u015f\u0131ma ba\u015flat\u0131l\u0131r. Ancak m\u00fc\u015fteri talebine g\u00f6re saat esnekli\u011fi sa\u011flanabilir. --- ### 8. **Ta\u015f\u0131ma s\u00fcresi ne kadar s\u00fcrer?** Ta\u015f\u0131ma s\u00fcresi e\u015fya miktar\u0131na, kat say\u0131s\u0131na ve gidilecek mesafeye ba\u011fl\u0131 olarak de\u011fi\u015fir. Genellikle \u015fehir i\u00e7i ta\u015f\u0131malar ayn\u0131 g\u00fcn i\u00e7erisinde tamamlan\u0131r. --- ### 9. **Nakliyat fiyatlar\u0131 nas\u0131l belirleniyor?** Fiyatland\u0131rma; e\u015fya yo\u011funlu\u011fu, kat durumu, mesafe, asans\u00f6r ihtiyac\u0131 ve ek hizmetlere g\u00f6re belirlenir. \u00dccretsiz ekspertiz hizmeti ile net fiyat teklifi sunulur. --- ### 10. **\u015eehirler aras\u0131 ta\u015f\u0131mac\u0131l\u0131k yap\u0131yor musunuz?** Evet. T\u00fcrkiye\u2019nin 81 iline profesyonel \u015fehirler aras\u0131 ta\u015f\u0131mac\u0131l\u0131k hizmeti sunmaktay\u0131z. --- ### 11. **Ta\u015f\u0131ma g\u00fcn\u00fc evde bulunmam \u015fart m\u0131?** Tercihen ev sahibi ya da yetkili bir ki\u015finin ta\u015f\u0131ma g\u00fcn\u00fc adreste bulunmas\u0131, s\u00fcrecin sa\u011fl\u0131kl\u0131 ilerlemesi a\u00e7\u0131s\u0131ndan \u00f6nemlidir. --- ### 12. **K\u0131r\u0131lacak e\u015fyalar i\u00e7in \u00f6zel koruma sa\u011flan\u0131yor mu?** Evet. Cam, porselen ve elektronik gibi hassas e\u015fyalar i\u00e7in ekstra korumal\u0131 ambalaj ve \u00f6zel kolileme sistemi uygulan\u0131r. --- ### 13. **E\u015fyalar\u0131m hangi ara\u00e7larla ta\u015f\u0131n\u0131yor?** E\u015fyalar\u0131n\u0131z, ta\u015f\u0131ma hacmine uygun b\u00fcy\u00fckl\u00fckte kapal\u0131 kasa, yast\u0131kl\u0131 ve sabitleme sistemli \u00f6zel nakliye ara\u00e7lar\u0131m\u0131zla ta\u015f\u0131n\u0131r. --- ### 14. **E\u015fyalar\u0131m\u0131 ge\u00e7ici olarak depolayabilir miyim?** Elbette. K\u0131sa veya uzun s\u00fcreli e\u015fya depolama \u00e7\u00f6z\u00fcmlerimizle, e\u015fyalar\u0131n\u0131z\u0131 g\u00fcvenli ortamlarda muhafaza ediyoruz. --- ### 15. **Nakliye hizmetiniz haftan\u0131n her g\u00fcn\u00fc a\u00e7\u0131k m\u0131?** Evet. Hafta i\u00e7i ve hafta sonu dahil olmak \u00fczere, talepler do\u011frultusunda her g\u00fcn hizmet vermekteyiz. -\",\"sameAs\":[\"https:\\\/\\\/emniyetnakliyat.com\"]}]}<\/script>\n<!-- \/ Yoast SEO plugin. -->","yoast_head_json":{"title":"Nev\u015fehir Nakliye Firmalar\u0131","description":"Nev\u015fehir Nakliye Firmalar\u0131","robots":{"index":"index","follow":"follow","max-snippet":"max-snippet:-1","max-image-preview":"max-image-preview:large","max-video-preview":"max-video-preview:-1"},"canonical":"https:\/\/emniyetnakliyat.com\/nevsehir\/nevsehir-nakliye-firmalari\/","og_locale":"tr_TR","og_type":"article","og_title":"Nev\u015fehir Nakliye Firmalar\u0131","og_description":"Nev\u015fehir Nakliye Firmalar\u0131","og_url":"https:\/\/emniyetnakliyat.com\/nevsehir\/nevsehir-nakliye-firmalari\/","og_site_name":"Nev\u015fehir Evden Eve Nakliyat","article_published_time":"2025-09-25T16:14:03+00:00","article_modified_time":"2026-04-24T09:40:24+00:00","og_image":[{"width":330,"height":295,"url":"https:\/\/emniyetnakliyat.com\/nevsehir\/wp-content\/uploads\/sites\/3\/2025\/07\/iltisim-kamyon-resimi-evden-eve-nakliyat.jpg","type":"image\/jpeg"}],"author":"dursun","twitter_card":"summary_large_image","twitter_misc":{"Yazan:":"dursun","Tahmini okuma s\u00fcresi":"3 dakika"},"schema":{"@context":"https:\/\/schema.org","@graph":[{"@type":"Article","@id":"https:\/\/emniyetnakliyat.com\/nevsehir\/nevsehir-nakliye-firmalari\/#article","isPartOf":{"@id":"https:\/\/emniyetnakliyat.com\/nevsehir\/nevsehir-nakliye-firmalari\/"},"author":{"name":"dursun","@id":"https:\/\/emniyetnakliyat.com\/nevsehir\/#\/schema\/person\/cae47676b1897faa81eb1abdb4966ab7"},"headline":"Nev\u015fehir Nakliye Firmalar\u0131","datePublished":"2025-09-25T16:14:03+00:00","dateModified":"2026-04-24T09:40:24+00:00","mainEntityOfPage":{"@id":"https:\/\/emniyetnakliyat.com\/nevsehir\/nevsehir-nakliye-firmalari\/"},"wordCount":556,"publisher":{"@id":"https:\/\/emniyetnakliyat.com\/nevsehir\/#organization"},"articleSection":["Nev\u015fehir Nakliyat"],"inLanguage":"tr"},{"@type":"WebPage","@id":"https:\/\/emniyetnakliyat.com\/nevsehir\/nevsehir-nakliye-firmalari\/","url":"https:\/\/emniyetnakliyat.com\/nevsehir\/nevsehir-nakliye-firmalari\/","name":"Nev\u015fehir Nakliye Firmalar\u0131","isPartOf":{"@id":"https:\/\/emniyetnakliyat.com\/nevsehir\/#website"},"datePublished":"2025-09-25T16:14:03+00:00","dateModified":"2026-04-24T09:40:24+00:00","description":"Nev\u015fehir Nakliye Firmalar\u0131","breadcrumb":{"@id":"https:\/\/emniyetnakliyat.com\/nevsehir\/nevsehir-nakliye-firmalari\/#breadcrumb"},"inLanguage":"tr","potentialAction":[{"@type":"ReadAction","target":["https:\/\/emniyetnakliyat.com\/nevsehir\/nevsehir-nakliye-firmalari\/"]}]},{"@type":"BreadcrumbList","@id":"https:\/\/emniyetnakliyat.com\/nevsehir\/nevsehir-nakliye-firmalari\/#breadcrumb","itemListElement":[{"@type":"ListItem","position":1,"name":"Anasayfa","item":"https:\/\/emniyetnakliyat.com\/nevsehir\/"},{"@type":"ListItem","position":2,"name":"Nev\u015fehir Nakliye Firmalar\u0131"}]},{"@type":"WebSite","@id":"https:\/\/emniyetnakliyat.com\/nevsehir\/#website","url":"https:\/\/emniyetnakliyat.com\/nevsehir\/","name":"Nev\u015fehir Evden Eve Nakliyat","description":"Nev\u015fehir Evden Eve","publisher":{"@id":"https:\/\/emniyetnakliyat.com\/nevsehir\/#organization"},"alternateName":"Nev\u015fehir Evden Eve","potentialAction":[{"@type":"SearchAction","target":{"@type":"EntryPoint","urlTemplate":"https:\/\/emniyetnakliyat.com\/nevsehir\/?s={search_term_string}"},"query-input":{"@type":"PropertyValueSpecification","valueRequired":true,"valueName":"search_term_string"}}],"inLanguage":"tr"},{"@type":"Organization","@id":"https:\/\/emniyetnakliyat.com\/nevsehir\/#organization","name":"nev\u015fehir evden eve nakliyat fiyatlar\u0131","alternateName":"nev\u015fehir evden eve ta\u015f\u0131ma fiyatlar\u0131","url":"https:\/\/emniyetnakliyat.com\/nevsehir\/","logo":{"@type":"ImageObject","inLanguage":"tr","@id":"https:\/\/emniyetnakliyat.com\/nevsehir\/#\/schema\/logo\/image\/","url":"https:\/\/emniyetnakliyat.com\/nevsehir\/wp-content\/uploads\/sites\/3\/2025\/07\/iltisim-kamyon-resimi-evden-eve-nakliyat.jpg","contentUrl":"https:\/\/emniyetnakliyat.com\/nevsehir\/wp-content\/uploads\/sites\/3\/2025\/07\/iltisim-kamyon-resimi-evden-eve-nakliyat.jpg","width":330,"height":295,"caption":"nev\u015fehir evden eve nakliyat fiyatlar\u0131"},"image":{"@id":"https:\/\/emniyetnakliyat.com\/nevsehir\/#\/schema\/logo\/image\/"}},{"@type":"Person","@id":"https:\/\/emniyetnakliyat.com\/nevsehir\/#\/schema\/person\/cae47676b1897faa81eb1abdb4966ab7","name":"dursun","image":{"@type":"ImageObject","inLanguage":"tr","@id":"https:\/\/secure.gravatar.com\/avatar\/00d536440383b6da8bc49cec7f82c5ab521a2fe088fc11011f31694a92c84d45?s=96&d=mm&r=g","url":"https:\/\/secure.gravatar.com\/avatar\/00d536440383b6da8bc49cec7f82c5ab521a2fe088fc11011f31694a92c84d45?s=96&d=mm&r=g","contentUrl":"https:\/\/secure.gravatar.com\/avatar\/00d536440383b6da8bc49cec7f82c5ab521a2fe088fc11011f31694a92c84d45?s=96&d=mm&r=g","caption":"dursun"},"description":"## \u2753 Nakliyat ile \u0130lgili S\u0131k\u00e7a Sorulan Sorular ### 1. **Evden eve nakliyat nedir?** Evden eve nakliyat, e\u015fyalar\u0131n\u0131z\u0131n mevcut adresinizden al\u0131narak yeni adresinize g\u00fcvenli ve d\u00fczenli bir \u015fekilde ta\u015f\u0131nmas\u0131 i\u015flemidir. Paketleme, ta\u015f\u0131ma, montaj ve yerle\u015ftirme gibi a\u015famalar\u0131 kapsar. --- ### 2. **Ta\u015f\u0131nmadan ne kadar s\u00fcre \u00f6nce rezervasyon yapt\u0131rmal\u0131y\u0131m?** Ta\u015f\u0131nma tarihinden en az 3-7 g\u00fcn \u00f6nce firmam\u0131zla ileti\u015fime ge\u00e7meniz, uygun zaman ve ekip planlamas\u0131 a\u00e7\u0131s\u0131ndan \u00f6nemlidir. Yo\u011fun d\u00f6nemlerde daha erken rezervasyon \u00f6nerilir. --- ### 3. **E\u015fyalar\u0131m ta\u015f\u0131n\u0131rken sigorta yap\u0131l\u0131yor mu?** Evet, Emniyet Nakliyat olarak t\u00fcm \u015fehir i\u00e7i ve \u015fehirler aras\u0131 ta\u015f\u0131malar\u0131m\u0131zda sigortal\u0131 nakliyat hizmeti sunuyoruz. Olas\u0131 zararlar sigorta kapsam\u0131nda kar\u015f\u0131lan\u0131r. --- ### 4. **Ambalajlama hizmeti sunuyor musunuz?** Kesinlikle. T\u00fcm e\u015fyalar\u0131n\u0131z, \u00e7izilme, k\u0131r\u0131lma veya ezilmelere kar\u015f\u0131 \u00f6zel ambalaj malzemeleri kullan\u0131larak profesyonelce paketlenir. --- ### 5. **Mobilyalar\u0131n montaj ve demontaj i\u015flemleri yap\u0131l\u0131r m\u0131?** Evet. Marangoz ekibimiz b\u00fcy\u00fck mobilyalar\u0131n\u0131z\u0131 ta\u015f\u0131madan \u00f6nce s\u00f6ker, yeni evinizde tekrar kurulumunu yapar. --- ### 6. **Asans\u00f6rl\u00fc ta\u015f\u0131ma hizmetiniz var m\u0131?** Evet, y\u00fcksek katl\u0131 binalarda bina i\u00e7i riski ortadan kald\u0131rmak i\u00e7in d\u0131\u015f cephe asans\u00f6rl\u00fc ta\u015f\u0131ma hizmeti sunmaktay\u0131z. --- ### 7. **Ta\u015f\u0131nma i\u015flemi hangi saatlerde ba\u015fl\u0131yor?** Genellikle sabah erken saatlerde (07:00 - 09:00 aras\u0131) ta\u015f\u0131ma ba\u015flat\u0131l\u0131r. Ancak m\u00fc\u015fteri talebine g\u00f6re saat esnekli\u011fi sa\u011flanabilir. --- ### 8. **Ta\u015f\u0131ma s\u00fcresi ne kadar s\u00fcrer?** Ta\u015f\u0131ma s\u00fcresi e\u015fya miktar\u0131na, kat say\u0131s\u0131na ve gidilecek mesafeye ba\u011fl\u0131 olarak de\u011fi\u015fir. Genellikle \u015fehir i\u00e7i ta\u015f\u0131malar ayn\u0131 g\u00fcn i\u00e7erisinde tamamlan\u0131r. --- ### 9. **Nakliyat fiyatlar\u0131 nas\u0131l belirleniyor?** Fiyatland\u0131rma; e\u015fya yo\u011funlu\u011fu, kat durumu, mesafe, asans\u00f6r ihtiyac\u0131 ve ek hizmetlere g\u00f6re belirlenir. \u00dccretsiz ekspertiz hizmeti ile net fiyat teklifi sunulur. --- ### 10. **\u015eehirler aras\u0131 ta\u015f\u0131mac\u0131l\u0131k yap\u0131yor musunuz?** Evet. T\u00fcrkiye\u2019nin 81 iline profesyonel \u015fehirler aras\u0131 ta\u015f\u0131mac\u0131l\u0131k hizmeti sunmaktay\u0131z. --- ### 11. **Ta\u015f\u0131ma g\u00fcn\u00fc evde bulunmam \u015fart m\u0131?** Tercihen ev sahibi ya da yetkili bir ki\u015finin ta\u015f\u0131ma g\u00fcn\u00fc adreste bulunmas\u0131, s\u00fcrecin sa\u011fl\u0131kl\u0131 ilerlemesi a\u00e7\u0131s\u0131ndan \u00f6nemlidir. --- ### 12. **K\u0131r\u0131lacak e\u015fyalar i\u00e7in \u00f6zel koruma sa\u011flan\u0131yor mu?** Evet. Cam, porselen ve elektronik gibi hassas e\u015fyalar i\u00e7in ekstra korumal\u0131 ambalaj ve \u00f6zel kolileme sistemi uygulan\u0131r. --- ### 13. **E\u015fyalar\u0131m hangi ara\u00e7larla ta\u015f\u0131n\u0131yor?** E\u015fyalar\u0131n\u0131z, ta\u015f\u0131ma hacmine uygun b\u00fcy\u00fckl\u00fckte kapal\u0131 kasa, yast\u0131kl\u0131 ve sabitleme sistemli \u00f6zel nakliye ara\u00e7lar\u0131m\u0131zla ta\u015f\u0131n\u0131r. --- ### 14. **E\u015fyalar\u0131m\u0131 ge\u00e7ici olarak depolayabilir miyim?** Elbette. K\u0131sa veya uzun s\u00fcreli e\u015fya depolama \u00e7\u00f6z\u00fcmlerimizle, e\u015fyalar\u0131n\u0131z\u0131 g\u00fcvenli ortamlarda muhafaza ediyoruz. --- ### 15. **Nakliye hizmetiniz haftan\u0131n her g\u00fcn\u00fc a\u00e7\u0131k m\u0131?** Evet. Hafta i\u00e7i ve hafta sonu dahil olmak \u00fczere, talepler do\u011frultusunda her g\u00fcn hizmet vermekteyiz. -","sameAs":["https:\/\/emniyetnakliyat.com"]}]}},"_links":{"self":[{"href":"https:\/\/emniyetnakliyat.com\/nevsehir\/wp-json\/wp\/v2\/posts\/65","targetHints":{"allow":["GET"]}}],"collection":[{"href":"https:\/\/emniyetnakliyat.com\/nevsehir\/wp-json\/wp\/v2\/posts"}],"about":[{"href":"https:\/\/emniyetnakliyat.com\/nevsehir\/wp-json\/wp\/v2\/types\/post"}],"author":[{"embeddable":true,"href":"https:\/\/emniyetnakliyat.com\/nevsehir\/wp-json\/wp\/v2\/users\/1"}],"replies":[{"embeddable":true,"href":"https:\/\/emniyetnakliyat.com\/nevsehir\/wp-json\/wp\/v2\/comments?post=65"}],"version-history":[{"count":1,"href":"https:\/\/emniyetnakliyat.com\/nevsehir\/wp-json\/wp\/v2\/posts\/65\/revisions"}],"predecessor-version":[{"id":98,"href":"https:\/\/emniyetnakliyat.com\/nevsehir\/wp-json\/wp\/v2\/posts\/65\/revisions\/98"}],"wp:attachment":[{"href":"https:\/\/emniyetnakliyat.com\/nevsehir\/wp-json\/wp\/v2\/media?parent=65"}],"wp:term":[{"taxonomy":"category","embeddable":true,"href":"https:\/\/emniyetnakliyat.com\/nevsehir\/wp-json\/wp\/v2\/categories?post=65"},{"taxonomy":"post_tag","embeddable":true,"href":"https:\/\/emniyetnakliyat.com\/nevsehir\/wp-json\/wp\/v2\/tags?post=65"}],"curies":[{"name":"wp","href":"https:\/\/api.w.org\/{rel}","templated":true}]}}