{"id":63,"date":"2025-09-25T19:10:22","date_gmt":"2025-09-25T16:10:22","guid":{"rendered":"https:\/\/emniyetnakliyat.com\/nevsehir\/?p=63"},"modified":"2026-04-24T12:40:24","modified_gmt":"2026-04-24T09:40:24","slug":"nevsehir-asansorlu-tasimacilik","status":"publish","type":"post","link":"https:\/\/emniyetnakliyat.com\/nevsehir\/nevsehir-asansorlu-tasimacilik\/","title":{"rendered":"Nev\u015fehir Asans\u00f6rl\u00fc Ta\u015f\u0131mac\u0131l\u0131k"},"content":{"rendered":"\n<h2 class=\"wp-block-heading\">Nev\u015fehir Asans\u00f6rl\u00fc Ta\u015f\u0131mac\u0131l\u0131k \u2013 Emniyet Nakliyat ile G\u00fcvenli Nakliye \u00c7\u00f6z\u00fcm\u00fc<\/h2>\n\n\n\n<p>Nev\u015fehir ta\u015f\u0131mac\u0131l\u0131k hizmetlerinde <strong>Emniyet Nakliyat<\/strong>, asans\u00f6rl\u00fc ta\u015f\u0131mac\u0131l\u0131k se\u00e7enekleriyle hem zaman hem de maliyet avantaj\u0131 sunar. Evden eve nakliyat, ofis ta\u015f\u0131ma veya kurumsal projelerde e\u015fyalar\u0131n\u0131z, modern ekipmanlar\u0131m\u0131z ve uzman ekibimiz arac\u0131l\u0131\u011f\u0131yla en g\u00fcvenli \u015fekilde yeni adresine ula\u015f\u0131r.<\/p>\n\n\n\n<hr class=\"wp-block-separator has-alpha-channel-opacity\"\/>\n\n\n\n<h3 class=\"wp-block-heading\">\u2705 Neden Emniyet Nakliyat\u2019\u0131 Tercih Etmelisiniz?<\/h3>\n\n\n\n<ul class=\"wp-block-list\">\n<li><strong>Asans\u00f6rl\u00fc ta\u015f\u0131ma imkan\u0131<\/strong>: Y\u00fcksek katl\u0131 binalarda merdiven zorunlulu\u011funu ortadan kald\u0131r\u0131r; e\u015fyan\u0131n zarar g\u00f6rme riski minimuma iner.<\/li>\n\n\n\n<li><strong>H\u0131zl\u0131 ve planl\u0131 s\u00fcre\u00e7<\/strong>: Paketleme, ta\u015f\u0131ma, yerle\u015ftirme ad\u0131mlar\u0131 \u00f6nceden organize edilir, planl\u0131 nakliye ile zaman kayb\u0131 ya\u015fanmaz.<\/li>\n\n\n\n<li><strong>Profesyonel ekip &amp; kaliteli malzeme<\/strong>: Koruyucu ambalajlar, \u00f6zel ta\u015f\u0131ma ara\u00e7lar\u0131, tecr\u00fcbeli personel \u2014 e\u015fyalar\u0131n\u0131z emin ellerde.<\/li>\n\n\n\n<li><strong>Sigortal\u0131 ta\u015f\u0131mac\u0131l\u0131k<\/strong>: E\u015fya g\u00fcvenli\u011fi i\u00e7in nakliyat sigortas\u0131 ile olas\u0131 hasarlar teminat alt\u0131na al\u0131n\u0131r.<\/li>\n\n\n\n<li><strong>\u015eehir i\u00e7i &amp; \u015fehirleraras\u0131 hizmet<\/strong>: Nev\u015fehir i\u00e7i nakliyattan T\u00fcrkiye\u2019nin her yerine ta\u015f\u0131ma \u00e7\u00f6z\u00fcmleri.<\/li>\n<\/ul>\n\n\n\n<hr class=\"wp-block-separator has-alpha-channel-opacity\"\/>\n\n\n\n<h3 class=\"wp-block-heading\">\ud83c\udfe0 Nev\u015fehir Asans\u00f6rl\u00fc Ev Ta\u015f\u0131ma Hizmetlerimiz<\/h3>\n\n\n\n<p>Ev ta\u015f\u0131mac\u0131l\u0131\u011f\u0131 s\u00fcrecinde asans\u00f6rl\u00fc ta\u015f\u0131ma; e\u015fyan\u0131n d\u0131\u015f etkenlere kar\u015f\u0131 korunmas\u0131n\u0131 sa\u011flar, ta\u015f\u0131ma s\u00fcresini k\u0131salt\u0131r, maliyet-etkin bir y\u00f6ntemdir. \u00d6zellikle dar merdivenli veya zemin kat\u0131na eri\u015fimi zor binalarda bu sistem b\u00fcy\u00fck rahatl\u0131k sunar.<\/p>\n\n\n\n<hr class=\"wp-block-separator has-alpha-channel-opacity\"\/>\n\n\n\n<h3 class=\"wp-block-heading\">\ud83d\udce6 Ofis &amp; Kurumsal Ta\u015f\u0131mac\u0131l\u0131k<\/h3>\n\n\n\n<ul class=\"wp-block-list\">\n<li>Mobilya, dosya dolab\u0131, teknik ekipman gibi a\u011f\u0131r ve hacimli e\u015fyalar\u0131n asans\u00f6r ile g\u00fcvenli nakliyesi<\/li>\n\n\n\n<li>\u0130\u015f s\u00fcreklili\u011fini aksatmadan, minimum kesintiyle ta\u015f\u0131ma planlamas\u0131<\/li>\n\n\n\n<li>Yerle\u015fim sonras\u0131 d\u00fczenleme deste\u011fi (mobilya montaj\u0131, ofis yerle\u015fimi)<\/li>\n<\/ul>\n\n\n\n<hr class=\"wp-block-separator has-alpha-channel-opacity\"\/>\n\n\n\n<h3 class=\"wp-block-heading\">\ud83d\udd27 S\u00fcre\u00e7 Nas\u0131l \u0130\u015fler?<\/h3>\n\n\n\n<ol class=\"wp-block-list\">\n<li><strong>Ke\u015fif ve \u00fccretsiz ekspertiz<\/strong>: Yerinde \u00f6l\u00e7\u00fcm, eri\u015fim kontrol\u00fc, ihtiya\u00e7 analizi<\/li>\n\n\n\n<li><strong>Teklif ve s\u00f6zle\u015fme<\/strong>: Detayl\u0131 hizmet a\u00e7\u0131klamalar\u0131, fiyatland\u0131rma, sigorta bilgileri<\/li>\n\n\n\n<li><strong>Paketleme &amp; ambalajlama<\/strong>: \u00d6zel balonlu naylon, karton, battaniye kullan\u0131m\u0131 ile hassas koruma<\/li>\n\n\n\n<li><strong>Ta\u015f\u0131ma asans\u00f6r kurulumu<\/strong>: Asans\u00f6r platformunun binaya yerle\u015ftirilmesi, g\u00fcvenlik \u00f6nlemlerinin al\u0131nmas\u0131<\/li>\n\n\n\n<li><strong>Nakliye ve yerle\u015ftirme<\/strong>: E\u015fyan\u0131n yeni adrese g\u00fcvenli ta\u015f\u0131nmas\u0131, montaj ve yerle\u015ftirme hizmeti<\/li>\n\n\n\n<li><strong>Kontrol &amp; teslim<\/strong>: Teslim sonras\u0131 kontrol, m\u00fc\u015fteri memnuniyeti ve gerekli durumlarda r\u00f6tu\u015f deste\u011fi<\/li>\n<\/ol>\n\n\n\n<hr class=\"wp-block-separator has-alpha-channel-opacity\"\/>\n\n\n\n<h3 class=\"wp-block-heading\">\ud83c\udf0d Lokal Avanta\u00adjlar\u0131m\u0131z \u2013 Nev\u015fehir \u0130\u00e7in<\/h3>\n\n\n\n<ul class=\"wp-block-list\">\n<li>B\u00f6lgeye hakim nakliye rotalar\u0131 sayesinde trafik, ula\u015f\u0131m gibi engeller \u015feffaf y\u00f6netilir<\/li>\n\n\n\n<li>\u0130klim ve hava ko\u015fullar\u0131 g\u00f6z \u00f6n\u00fcnde bulundurularak planlama<\/li>\n\n\n\n<li>Yerel y\u00f6netim izinleri, asans\u00f6r kurulumunda belediye ve y\u00f6netimle koordinasyon<\/li>\n<\/ul>\n\n\n\n<hr class=\"wp-block-separator has-alpha-channel-opacity\"\/>\n\n\n\n<h3 class=\"wp-block-heading\">\ud83d\udcde \u0130leti\u015fim &amp; Teklif Alma<\/h3>\n\n\n\n<p>Nev\u015fehir\u2019de asans\u00f6rl\u00fc ta\u015f\u0131mac\u0131l\u0131k i\u00e7in \u00fccretsiz ke\u015fif ve fiyat teklifimizi almak isterseniz, <strong>Emniyet Nakliyat<\/strong>\u2019a a\u015fa\u011f\u0131daki ileti\u015fim kanallar\u0131ndan ula\u015fabilirsiniz:<\/p>\n\n\n\n<ul class=\"wp-block-list\">\n<li>Telefon: \u20260554 530 97 48<\/li>\n\n\n\n<li>E-posta: \u2026info@emniyetnakliyat.com\/nevsehir\/<\/li>\n\n\n\n<li>Web-formu: \u2026https:\/\/emniyetnakliyat.com\/nevsehir\/<\/li>\n<\/ul>\n\n\n\n<hr class=\"wp-block-separator has-alpha-channel-opacity\"\/>\n\n\n\n<p><strong>Emniyet Nakliyat<\/strong>, Nev\u015fehir\u2019de ta\u015f\u0131mac\u0131l\u0131k hizmetinde g\u00fcveni, kaliteyi ve m\u00fc\u015fteri memnuniyetini \u00f6n planda tutar. Asans\u00f6rl\u00fc \u00e7\u00f6z\u00fcmlerimiz sayesinde ta\u015f\u0131ma s\u00fcreciniz hem konforlu hem de stressiz ge\u00e7er.<\/p>\n\n\n\n<hr class=\"wp-block-separator has-alpha-channel-opacity\"\/>\n\n\n\n<p><\/p>\n","protected":false},"excerpt":{"rendered":"<p>Nev\u015fehir Asans\u00f6rl\u00fc Ta\u015f\u0131mac\u0131l\u0131k \u2013 Emniyet Nakliyat ile G\u00fcvenli Nakliye \u00c7\u00f6z\u00fcm\u00fc Nev\u015fehir ta\u015f\u0131mac\u0131l\u0131k hizmetlerinde Emniyet Nakliyat, asans\u00f6rl\u00fc ta\u015f\u0131mac\u0131l\u0131k se\u00e7enekleriyle hem zaman hem de maliyet avantaj\u0131 sunar. Evden eve nakliyat, ofis ta\u015f\u0131ma veya kurumsal projelerde e\u015fyalar\u0131n\u0131z, modern ekipmanlar\u0131m\u0131z ve uzman ekibimiz arac\u0131l\u0131\u011f\u0131yla en g\u00fcvenli \u015fekilde yeni adresine ula\u015f\u0131r. \u2705 Neden Emniyet Nakliyat\u2019\u0131 Tercih Etmelisiniz? \ud83c\udfe0 Nev\u015fehir Asans\u00f6rl\u00fc [&hellip;]<\/p>\n","protected":false},"author":1,"featured_media":0,"comment_status":"closed","ping_status":"0","sticky":false,"template":"","format":"standard","meta":{"footnotes":""},"categories":[2],"tags":[7,11],"class_list":["post-63","post","type-post","status-publish","format-standard","hentry","category-nevsehir-nakliyat","tag-nevsehir-evden-eve-nakliyat-fiyatlari","tag-nevsehir-nakliye-firmalari"],"yoast_head":"<!-- This site is optimized with the Yoast SEO plugin v27.4 - https:\/\/yoast.com\/product\/yoast-seo-wordpress\/ -->\n<title>Nev\u015fehir Asans\u00f6rl\u00fc Ta\u015f\u0131mac\u0131l\u0131k<\/title>\n<meta name=\"description\" content=\"Nev\u015fehir Asans\u00f6rl\u00fc Ta\u015f\u0131mac\u0131l\u0131k Nev\u015fehir\u2019de ta\u015f\u0131mac\u0131l\u0131k hizmetinde g\u00fcveni, kaliteyi ve m\u00fc\u015fteri memnuniyetini\" \/>\n<meta name=\"robots\" content=\"index, follow, max-snippet:-1, max-image-preview:large, max-video-preview:-1\" \/>\n<link rel=\"canonical\" href=\"https:\/\/emniyetnakliyat.com\/nevsehir\/nevsehir-asansorlu-tasimacilik\/\" \/>\n<meta property=\"og:locale\" content=\"tr_TR\" \/>\n<meta property=\"og:type\" content=\"article\" \/>\n<meta property=\"og:title\" content=\"Nev\u015fehir Asans\u00f6rl\u00fc Ta\u015f\u0131mac\u0131l\u0131k\" \/>\n<meta property=\"og:description\" content=\"Nev\u015fehir Asans\u00f6rl\u00fc Ta\u015f\u0131mac\u0131l\u0131k Nev\u015fehir\u2019de ta\u015f\u0131mac\u0131l\u0131k hizmetinde g\u00fcveni, kaliteyi ve m\u00fc\u015fteri memnuniyetini\" \/>\n<meta property=\"og:url\" content=\"https:\/\/emniyetnakliyat.com\/nevsehir\/nevsehir-asansorlu-tasimacilik\/\" \/>\n<meta property=\"og:site_name\" content=\"Nev\u015fehir Evden Eve Nakliyat\" \/>\n<meta property=\"article:published_time\" content=\"2025-09-25T16:10:22+00:00\" \/>\n<meta property=\"article:modified_time\" content=\"2026-04-24T09:40:24+00:00\" \/>\n<meta property=\"og:image\" content=\"https:\/\/emniyetnakliyat.com\/nevsehir\/wp-content\/uploads\/sites\/3\/2025\/07\/iltisim-kamyon-resimi-evden-eve-nakliyat.jpg\" \/>\n\t<meta property=\"og:image:width\" content=\"330\" \/>\n\t<meta property=\"og:image:height\" content=\"295\" \/>\n\t<meta property=\"og:image:type\" content=\"image\/jpeg\" \/>\n<meta name=\"author\" content=\"dursun\" \/>\n<meta name=\"twitter:card\" content=\"summary_large_image\" \/>\n<meta name=\"twitter:label1\" content=\"Yazan:\" \/>\n\t<meta name=\"twitter:data1\" content=\"dursun\" \/>\n\t<meta name=\"twitter:label2\" content=\"Tahmini okuma s\u00fcresi\" \/>\n\t<meta name=\"twitter:data2\" content=\"3 dakika\" \/>\n<script type=\"application\/ld+json\" class=\"yoast-schema-graph\">{\"@context\":\"https:\\\/\\\/schema.org\",\"@graph\":[{\"@type\":\"Article\",\"@id\":\"https:\\\/\\\/emniyetnakliyat.com\\\/nevsehir\\\/nevsehir-asansorlu-tasimacilik\\\/#article\",\"isPartOf\":{\"@id\":\"https:\\\/\\\/emniyetnakliyat.com\\\/nevsehir\\\/nevsehir-asansorlu-tasimacilik\\\/\"},\"author\":{\"name\":\"dursun\",\"@id\":\"https:\\\/\\\/emniyetnakliyat.com\\\/nevsehir\\\/#\\\/schema\\\/person\\\/cae47676b1897faa81eb1abdb4966ab7\"},\"headline\":\"Nev\u015fehir Asans\u00f6rl\u00fc Ta\u015f\u0131mac\u0131l\u0131k\",\"datePublished\":\"2025-09-25T16:10:22+00:00\",\"dateModified\":\"2026-04-24T09:40:24+00:00\",\"mainEntityOfPage\":{\"@id\":\"https:\\\/\\\/emniyetnakliyat.com\\\/nevsehir\\\/nevsehir-asansorlu-tasimacilik\\\/\"},\"wordCount\":523,\"publisher\":{\"@id\":\"https:\\\/\\\/emniyetnakliyat.com\\\/nevsehir\\\/#organization\"},\"keywords\":[\"Nev\u015fehir Evden Eve Nakliyat Fiyatlar\u0131\",\"Nev\u015fehir Nakliye Firmalar\u0131\"],\"articleSection\":[\"Nev\u015fehir Nakliyat\"],\"inLanguage\":\"tr\"},{\"@type\":\"WebPage\",\"@id\":\"https:\\\/\\\/emniyetnakliyat.com\\\/nevsehir\\\/nevsehir-asansorlu-tasimacilik\\\/\",\"url\":\"https:\\\/\\\/emniyetnakliyat.com\\\/nevsehir\\\/nevsehir-asansorlu-tasimacilik\\\/\",\"name\":\"Nev\u015fehir Asans\u00f6rl\u00fc Ta\u015f\u0131mac\u0131l\u0131k\",\"isPartOf\":{\"@id\":\"https:\\\/\\\/emniyetnakliyat.com\\\/nevsehir\\\/#website\"},\"datePublished\":\"2025-09-25T16:10:22+00:00\",\"dateModified\":\"2026-04-24T09:40:24+00:00\",\"description\":\"Nev\u015fehir Asans\u00f6rl\u00fc Ta\u015f\u0131mac\u0131l\u0131k Nev\u015fehir\u2019de ta\u015f\u0131mac\u0131l\u0131k hizmetinde g\u00fcveni, kaliteyi ve m\u00fc\u015fteri memnuniyetini\",\"breadcrumb\":{\"@id\":\"https:\\\/\\\/emniyetnakliyat.com\\\/nevsehir\\\/nevsehir-asansorlu-tasimacilik\\\/#breadcrumb\"},\"inLanguage\":\"tr\",\"potentialAction\":[{\"@type\":\"ReadAction\",\"target\":[\"https:\\\/\\\/emniyetnakliyat.com\\\/nevsehir\\\/nevsehir-asansorlu-tasimacilik\\\/\"]}]},{\"@type\":\"BreadcrumbList\",\"@id\":\"https:\\\/\\\/emniyetnakliyat.com\\\/nevsehir\\\/nevsehir-asansorlu-tasimacilik\\\/#breadcrumb\",\"itemListElement\":[{\"@type\":\"ListItem\",\"position\":1,\"name\":\"Anasayfa\",\"item\":\"https:\\\/\\\/emniyetnakliyat.com\\\/nevsehir\\\/\"},{\"@type\":\"ListItem\",\"position\":2,\"name\":\"Nev\u015fehir Asans\u00f6rl\u00fc Ta\u015f\u0131mac\u0131l\u0131k\"}]},{\"@type\":\"WebSite\",\"@id\":\"https:\\\/\\\/emniyetnakliyat.com\\\/nevsehir\\\/#website\",\"url\":\"https:\\\/\\\/emniyetnakliyat.com\\\/nevsehir\\\/\",\"name\":\"Nev\u015fehir Evden Eve Nakliyat\",\"description\":\"Nev\u015fehir Evden Eve\",\"publisher\":{\"@id\":\"https:\\\/\\\/emniyetnakliyat.com\\\/nevsehir\\\/#organization\"},\"alternateName\":\"Nev\u015fehir Evden Eve\",\"potentialAction\":[{\"@type\":\"SearchAction\",\"target\":{\"@type\":\"EntryPoint\",\"urlTemplate\":\"https:\\\/\\\/emniyetnakliyat.com\\\/nevsehir\\\/?s={search_term_string}\"},\"query-input\":{\"@type\":\"PropertyValueSpecification\",\"valueRequired\":true,\"valueName\":\"search_term_string\"}}],\"inLanguage\":\"tr\"},{\"@type\":\"Organization\",\"@id\":\"https:\\\/\\\/emniyetnakliyat.com\\\/nevsehir\\\/#organization\",\"name\":\"nev\u015fehir evden eve nakliyat fiyatlar\u0131\",\"alternateName\":\"nev\u015fehir evden eve ta\u015f\u0131ma fiyatlar\u0131\",\"url\":\"https:\\\/\\\/emniyetnakliyat.com\\\/nevsehir\\\/\",\"logo\":{\"@type\":\"ImageObject\",\"inLanguage\":\"tr\",\"@id\":\"https:\\\/\\\/emniyetnakliyat.com\\\/nevsehir\\\/#\\\/schema\\\/logo\\\/image\\\/\",\"url\":\"https:\\\/\\\/emniyetnakliyat.com\\\/nevsehir\\\/wp-content\\\/uploads\\\/sites\\\/3\\\/2025\\\/07\\\/iltisim-kamyon-resimi-evden-eve-nakliyat.jpg\",\"contentUrl\":\"https:\\\/\\\/emniyetnakliyat.com\\\/nevsehir\\\/wp-content\\\/uploads\\\/sites\\\/3\\\/2025\\\/07\\\/iltisim-kamyon-resimi-evden-eve-nakliyat.jpg\",\"width\":330,\"height\":295,\"caption\":\"nev\u015fehir evden eve nakliyat fiyatlar\u0131\"},\"image\":{\"@id\":\"https:\\\/\\\/emniyetnakliyat.com\\\/nevsehir\\\/#\\\/schema\\\/logo\\\/image\\\/\"}},{\"@type\":\"Person\",\"@id\":\"https:\\\/\\\/emniyetnakliyat.com\\\/nevsehir\\\/#\\\/schema\\\/person\\\/cae47676b1897faa81eb1abdb4966ab7\",\"name\":\"dursun\",\"image\":{\"@type\":\"ImageObject\",\"inLanguage\":\"tr\",\"@id\":\"https:\\\/\\\/secure.gravatar.com\\\/avatar\\\/00d536440383b6da8bc49cec7f82c5ab521a2fe088fc11011f31694a92c84d45?s=96&d=mm&r=g\",\"url\":\"https:\\\/\\\/secure.gravatar.com\\\/avatar\\\/00d536440383b6da8bc49cec7f82c5ab521a2fe088fc11011f31694a92c84d45?s=96&d=mm&r=g\",\"contentUrl\":\"https:\\\/\\\/secure.gravatar.com\\\/avatar\\\/00d536440383b6da8bc49cec7f82c5ab521a2fe088fc11011f31694a92c84d45?s=96&d=mm&r=g\",\"caption\":\"dursun\"},\"description\":\"## \u2753 Nakliyat ile \u0130lgili S\u0131k\u00e7a Sorulan Sorular ### 1. **Evden eve nakliyat nedir?** Evden eve nakliyat, e\u015fyalar\u0131n\u0131z\u0131n mevcut adresinizden al\u0131narak yeni adresinize g\u00fcvenli ve d\u00fczenli bir \u015fekilde ta\u015f\u0131nmas\u0131 i\u015flemidir. Paketleme, ta\u015f\u0131ma, montaj ve yerle\u015ftirme gibi a\u015famalar\u0131 kapsar. --- ### 2. **Ta\u015f\u0131nmadan ne kadar s\u00fcre \u00f6nce rezervasyon yapt\u0131rmal\u0131y\u0131m?** Ta\u015f\u0131nma tarihinden en az 3-7 g\u00fcn \u00f6nce firmam\u0131zla ileti\u015fime ge\u00e7meniz, uygun zaman ve ekip planlamas\u0131 a\u00e7\u0131s\u0131ndan \u00f6nemlidir. Yo\u011fun d\u00f6nemlerde daha erken rezervasyon \u00f6nerilir. --- ### 3. **E\u015fyalar\u0131m ta\u015f\u0131n\u0131rken sigorta yap\u0131l\u0131yor mu?** Evet, Emniyet Nakliyat olarak t\u00fcm \u015fehir i\u00e7i ve \u015fehirler aras\u0131 ta\u015f\u0131malar\u0131m\u0131zda sigortal\u0131 nakliyat hizmeti sunuyoruz. Olas\u0131 zararlar sigorta kapsam\u0131nda kar\u015f\u0131lan\u0131r. --- ### 4. **Ambalajlama hizmeti sunuyor musunuz?** Kesinlikle. T\u00fcm e\u015fyalar\u0131n\u0131z, \u00e7izilme, k\u0131r\u0131lma veya ezilmelere kar\u015f\u0131 \u00f6zel ambalaj malzemeleri kullan\u0131larak profesyonelce paketlenir. --- ### 5. **Mobilyalar\u0131n montaj ve demontaj i\u015flemleri yap\u0131l\u0131r m\u0131?** Evet. Marangoz ekibimiz b\u00fcy\u00fck mobilyalar\u0131n\u0131z\u0131 ta\u015f\u0131madan \u00f6nce s\u00f6ker, yeni evinizde tekrar kurulumunu yapar. --- ### 6. **Asans\u00f6rl\u00fc ta\u015f\u0131ma hizmetiniz var m\u0131?** Evet, y\u00fcksek katl\u0131 binalarda bina i\u00e7i riski ortadan kald\u0131rmak i\u00e7in d\u0131\u015f cephe asans\u00f6rl\u00fc ta\u015f\u0131ma hizmeti sunmaktay\u0131z. --- ### 7. **Ta\u015f\u0131nma i\u015flemi hangi saatlerde ba\u015fl\u0131yor?** Genellikle sabah erken saatlerde (07:00 - 09:00 aras\u0131) ta\u015f\u0131ma ba\u015flat\u0131l\u0131r. Ancak m\u00fc\u015fteri talebine g\u00f6re saat esnekli\u011fi sa\u011flanabilir. --- ### 8. **Ta\u015f\u0131ma s\u00fcresi ne kadar s\u00fcrer?** Ta\u015f\u0131ma s\u00fcresi e\u015fya miktar\u0131na, kat say\u0131s\u0131na ve gidilecek mesafeye ba\u011fl\u0131 olarak de\u011fi\u015fir. Genellikle \u015fehir i\u00e7i ta\u015f\u0131malar ayn\u0131 g\u00fcn i\u00e7erisinde tamamlan\u0131r. --- ### 9. **Nakliyat fiyatlar\u0131 nas\u0131l belirleniyor?** Fiyatland\u0131rma; e\u015fya yo\u011funlu\u011fu, kat durumu, mesafe, asans\u00f6r ihtiyac\u0131 ve ek hizmetlere g\u00f6re belirlenir. \u00dccretsiz ekspertiz hizmeti ile net fiyat teklifi sunulur. --- ### 10. **\u015eehirler aras\u0131 ta\u015f\u0131mac\u0131l\u0131k yap\u0131yor musunuz?** Evet. T\u00fcrkiye\u2019nin 81 iline profesyonel \u015fehirler aras\u0131 ta\u015f\u0131mac\u0131l\u0131k hizmeti sunmaktay\u0131z. --- ### 11. **Ta\u015f\u0131ma g\u00fcn\u00fc evde bulunmam \u015fart m\u0131?** Tercihen ev sahibi ya da yetkili bir ki\u015finin ta\u015f\u0131ma g\u00fcn\u00fc adreste bulunmas\u0131, s\u00fcrecin sa\u011fl\u0131kl\u0131 ilerlemesi a\u00e7\u0131s\u0131ndan \u00f6nemlidir. --- ### 12. **K\u0131r\u0131lacak e\u015fyalar i\u00e7in \u00f6zel koruma sa\u011flan\u0131yor mu?** Evet. Cam, porselen ve elektronik gibi hassas e\u015fyalar i\u00e7in ekstra korumal\u0131 ambalaj ve \u00f6zel kolileme sistemi uygulan\u0131r. --- ### 13. **E\u015fyalar\u0131m hangi ara\u00e7larla ta\u015f\u0131n\u0131yor?** E\u015fyalar\u0131n\u0131z, ta\u015f\u0131ma hacmine uygun b\u00fcy\u00fckl\u00fckte kapal\u0131 kasa, yast\u0131kl\u0131 ve sabitleme sistemli \u00f6zel nakliye ara\u00e7lar\u0131m\u0131zla ta\u015f\u0131n\u0131r. --- ### 14. **E\u015fyalar\u0131m\u0131 ge\u00e7ici olarak depolayabilir miyim?** Elbette. K\u0131sa veya uzun s\u00fcreli e\u015fya depolama \u00e7\u00f6z\u00fcmlerimizle, e\u015fyalar\u0131n\u0131z\u0131 g\u00fcvenli ortamlarda muhafaza ediyoruz. --- ### 15. **Nakliye hizmetiniz haftan\u0131n her g\u00fcn\u00fc a\u00e7\u0131k m\u0131?** Evet. Hafta i\u00e7i ve hafta sonu dahil olmak \u00fczere, talepler do\u011frultusunda her g\u00fcn hizmet vermekteyiz. -\",\"sameAs\":[\"https:\\\/\\\/emniyetnakliyat.com\"]}]}<\/script>\n<!-- \/ Yoast SEO plugin. -->","yoast_head_json":{"title":"Nev\u015fehir Asans\u00f6rl\u00fc Ta\u015f\u0131mac\u0131l\u0131k","description":"Nev\u015fehir Asans\u00f6rl\u00fc Ta\u015f\u0131mac\u0131l\u0131k Nev\u015fehir\u2019de ta\u015f\u0131mac\u0131l\u0131k hizmetinde g\u00fcveni, kaliteyi ve m\u00fc\u015fteri memnuniyetini","robots":{"index":"index","follow":"follow","max-snippet":"max-snippet:-1","max-image-preview":"max-image-preview:large","max-video-preview":"max-video-preview:-1"},"canonical":"https:\/\/emniyetnakliyat.com\/nevsehir\/nevsehir-asansorlu-tasimacilik\/","og_locale":"tr_TR","og_type":"article","og_title":"Nev\u015fehir Asans\u00f6rl\u00fc Ta\u015f\u0131mac\u0131l\u0131k","og_description":"Nev\u015fehir Asans\u00f6rl\u00fc Ta\u015f\u0131mac\u0131l\u0131k Nev\u015fehir\u2019de ta\u015f\u0131mac\u0131l\u0131k hizmetinde g\u00fcveni, kaliteyi ve m\u00fc\u015fteri memnuniyetini","og_url":"https:\/\/emniyetnakliyat.com\/nevsehir\/nevsehir-asansorlu-tasimacilik\/","og_site_name":"Nev\u015fehir Evden Eve Nakliyat","article_published_time":"2025-09-25T16:10:22+00:00","article_modified_time":"2026-04-24T09:40:24+00:00","og_image":[{"width":330,"height":295,"url":"https:\/\/emniyetnakliyat.com\/nevsehir\/wp-content\/uploads\/sites\/3\/2025\/07\/iltisim-kamyon-resimi-evden-eve-nakliyat.jpg","type":"image\/jpeg"}],"author":"dursun","twitter_card":"summary_large_image","twitter_misc":{"Yazan:":"dursun","Tahmini okuma s\u00fcresi":"3 dakika"},"schema":{"@context":"https:\/\/schema.org","@graph":[{"@type":"Article","@id":"https:\/\/emniyetnakliyat.com\/nevsehir\/nevsehir-asansorlu-tasimacilik\/#article","isPartOf":{"@id":"https:\/\/emniyetnakliyat.com\/nevsehir\/nevsehir-asansorlu-tasimacilik\/"},"author":{"name":"dursun","@id":"https:\/\/emniyetnakliyat.com\/nevsehir\/#\/schema\/person\/cae47676b1897faa81eb1abdb4966ab7"},"headline":"Nev\u015fehir Asans\u00f6rl\u00fc Ta\u015f\u0131mac\u0131l\u0131k","datePublished":"2025-09-25T16:10:22+00:00","dateModified":"2026-04-24T09:40:24+00:00","mainEntityOfPage":{"@id":"https:\/\/emniyetnakliyat.com\/nevsehir\/nevsehir-asansorlu-tasimacilik\/"},"wordCount":523,"publisher":{"@id":"https:\/\/emniyetnakliyat.com\/nevsehir\/#organization"},"keywords":["Nev\u015fehir Evden Eve Nakliyat Fiyatlar\u0131","Nev\u015fehir Nakliye Firmalar\u0131"],"articleSection":["Nev\u015fehir Nakliyat"],"inLanguage":"tr"},{"@type":"WebPage","@id":"https:\/\/emniyetnakliyat.com\/nevsehir\/nevsehir-asansorlu-tasimacilik\/","url":"https:\/\/emniyetnakliyat.com\/nevsehir\/nevsehir-asansorlu-tasimacilik\/","name":"Nev\u015fehir Asans\u00f6rl\u00fc Ta\u015f\u0131mac\u0131l\u0131k","isPartOf":{"@id":"https:\/\/emniyetnakliyat.com\/nevsehir\/#website"},"datePublished":"2025-09-25T16:10:22+00:00","dateModified":"2026-04-24T09:40:24+00:00","description":"Nev\u015fehir Asans\u00f6rl\u00fc Ta\u015f\u0131mac\u0131l\u0131k Nev\u015fehir\u2019de ta\u015f\u0131mac\u0131l\u0131k hizmetinde g\u00fcveni, kaliteyi ve m\u00fc\u015fteri memnuniyetini","breadcrumb":{"@id":"https:\/\/emniyetnakliyat.com\/nevsehir\/nevsehir-asansorlu-tasimacilik\/#breadcrumb"},"inLanguage":"tr","potentialAction":[{"@type":"ReadAction","target":["https:\/\/emniyetnakliyat.com\/nevsehir\/nevsehir-asansorlu-tasimacilik\/"]}]},{"@type":"BreadcrumbList","@id":"https:\/\/emniyetnakliyat.com\/nevsehir\/nevsehir-asansorlu-tasimacilik\/#breadcrumb","itemListElement":[{"@type":"ListItem","position":1,"name":"Anasayfa","item":"https:\/\/emniyetnakliyat.com\/nevsehir\/"},{"@type":"ListItem","position":2,"name":"Nev\u015fehir Asans\u00f6rl\u00fc Ta\u015f\u0131mac\u0131l\u0131k"}]},{"@type":"WebSite","@id":"https:\/\/emniyetnakliyat.com\/nevsehir\/#website","url":"https:\/\/emniyetnakliyat.com\/nevsehir\/","name":"Nev\u015fehir Evden Eve Nakliyat","description":"Nev\u015fehir Evden Eve","publisher":{"@id":"https:\/\/emniyetnakliyat.com\/nevsehir\/#organization"},"alternateName":"Nev\u015fehir Evden Eve","potentialAction":[{"@type":"SearchAction","target":{"@type":"EntryPoint","urlTemplate":"https:\/\/emniyetnakliyat.com\/nevsehir\/?s={search_term_string}"},"query-input":{"@type":"PropertyValueSpecification","valueRequired":true,"valueName":"search_term_string"}}],"inLanguage":"tr"},{"@type":"Organization","@id":"https:\/\/emniyetnakliyat.com\/nevsehir\/#organization","name":"nev\u015fehir evden eve nakliyat fiyatlar\u0131","alternateName":"nev\u015fehir evden eve ta\u015f\u0131ma fiyatlar\u0131","url":"https:\/\/emniyetnakliyat.com\/nevsehir\/","logo":{"@type":"ImageObject","inLanguage":"tr","@id":"https:\/\/emniyetnakliyat.com\/nevsehir\/#\/schema\/logo\/image\/","url":"https:\/\/emniyetnakliyat.com\/nevsehir\/wp-content\/uploads\/sites\/3\/2025\/07\/iltisim-kamyon-resimi-evden-eve-nakliyat.jpg","contentUrl":"https:\/\/emniyetnakliyat.com\/nevsehir\/wp-content\/uploads\/sites\/3\/2025\/07\/iltisim-kamyon-resimi-evden-eve-nakliyat.jpg","width":330,"height":295,"caption":"nev\u015fehir evden eve nakliyat fiyatlar\u0131"},"image":{"@id":"https:\/\/emniyetnakliyat.com\/nevsehir\/#\/schema\/logo\/image\/"}},{"@type":"Person","@id":"https:\/\/emniyetnakliyat.com\/nevsehir\/#\/schema\/person\/cae47676b1897faa81eb1abdb4966ab7","name":"dursun","image":{"@type":"ImageObject","inLanguage":"tr","@id":"https:\/\/secure.gravatar.com\/avatar\/00d536440383b6da8bc49cec7f82c5ab521a2fe088fc11011f31694a92c84d45?s=96&d=mm&r=g","url":"https:\/\/secure.gravatar.com\/avatar\/00d536440383b6da8bc49cec7f82c5ab521a2fe088fc11011f31694a92c84d45?s=96&d=mm&r=g","contentUrl":"https:\/\/secure.gravatar.com\/avatar\/00d536440383b6da8bc49cec7f82c5ab521a2fe088fc11011f31694a92c84d45?s=96&d=mm&r=g","caption":"dursun"},"description":"## \u2753 Nakliyat ile \u0130lgili S\u0131k\u00e7a Sorulan Sorular ### 1. **Evden eve nakliyat nedir?** Evden eve nakliyat, e\u015fyalar\u0131n\u0131z\u0131n mevcut adresinizden al\u0131narak yeni adresinize g\u00fcvenli ve d\u00fczenli bir \u015fekilde ta\u015f\u0131nmas\u0131 i\u015flemidir. Paketleme, ta\u015f\u0131ma, montaj ve yerle\u015ftirme gibi a\u015famalar\u0131 kapsar. --- ### 2. **Ta\u015f\u0131nmadan ne kadar s\u00fcre \u00f6nce rezervasyon yapt\u0131rmal\u0131y\u0131m?** Ta\u015f\u0131nma tarihinden en az 3-7 g\u00fcn \u00f6nce firmam\u0131zla ileti\u015fime ge\u00e7meniz, uygun zaman ve ekip planlamas\u0131 a\u00e7\u0131s\u0131ndan \u00f6nemlidir. Yo\u011fun d\u00f6nemlerde daha erken rezervasyon \u00f6nerilir. --- ### 3. **E\u015fyalar\u0131m ta\u015f\u0131n\u0131rken sigorta yap\u0131l\u0131yor mu?** Evet, Emniyet Nakliyat olarak t\u00fcm \u015fehir i\u00e7i ve \u015fehirler aras\u0131 ta\u015f\u0131malar\u0131m\u0131zda sigortal\u0131 nakliyat hizmeti sunuyoruz. Olas\u0131 zararlar sigorta kapsam\u0131nda kar\u015f\u0131lan\u0131r. --- ### 4. **Ambalajlama hizmeti sunuyor musunuz?** Kesinlikle. T\u00fcm e\u015fyalar\u0131n\u0131z, \u00e7izilme, k\u0131r\u0131lma veya ezilmelere kar\u015f\u0131 \u00f6zel ambalaj malzemeleri kullan\u0131larak profesyonelce paketlenir. --- ### 5. **Mobilyalar\u0131n montaj ve demontaj i\u015flemleri yap\u0131l\u0131r m\u0131?** Evet. Marangoz ekibimiz b\u00fcy\u00fck mobilyalar\u0131n\u0131z\u0131 ta\u015f\u0131madan \u00f6nce s\u00f6ker, yeni evinizde tekrar kurulumunu yapar. --- ### 6. **Asans\u00f6rl\u00fc ta\u015f\u0131ma hizmetiniz var m\u0131?** Evet, y\u00fcksek katl\u0131 binalarda bina i\u00e7i riski ortadan kald\u0131rmak i\u00e7in d\u0131\u015f cephe asans\u00f6rl\u00fc ta\u015f\u0131ma hizmeti sunmaktay\u0131z. --- ### 7. **Ta\u015f\u0131nma i\u015flemi hangi saatlerde ba\u015fl\u0131yor?** Genellikle sabah erken saatlerde (07:00 - 09:00 aras\u0131) ta\u015f\u0131ma ba\u015flat\u0131l\u0131r. Ancak m\u00fc\u015fteri talebine g\u00f6re saat esnekli\u011fi sa\u011flanabilir. --- ### 8. **Ta\u015f\u0131ma s\u00fcresi ne kadar s\u00fcrer?** Ta\u015f\u0131ma s\u00fcresi e\u015fya miktar\u0131na, kat say\u0131s\u0131na ve gidilecek mesafeye ba\u011fl\u0131 olarak de\u011fi\u015fir. Genellikle \u015fehir i\u00e7i ta\u015f\u0131malar ayn\u0131 g\u00fcn i\u00e7erisinde tamamlan\u0131r. --- ### 9. **Nakliyat fiyatlar\u0131 nas\u0131l belirleniyor?** Fiyatland\u0131rma; e\u015fya yo\u011funlu\u011fu, kat durumu, mesafe, asans\u00f6r ihtiyac\u0131 ve ek hizmetlere g\u00f6re belirlenir. \u00dccretsiz ekspertiz hizmeti ile net fiyat teklifi sunulur. --- ### 10. **\u015eehirler aras\u0131 ta\u015f\u0131mac\u0131l\u0131k yap\u0131yor musunuz?** Evet. T\u00fcrkiye\u2019nin 81 iline profesyonel \u015fehirler aras\u0131 ta\u015f\u0131mac\u0131l\u0131k hizmeti sunmaktay\u0131z. --- ### 11. **Ta\u015f\u0131ma g\u00fcn\u00fc evde bulunmam \u015fart m\u0131?** Tercihen ev sahibi ya da yetkili bir ki\u015finin ta\u015f\u0131ma g\u00fcn\u00fc adreste bulunmas\u0131, s\u00fcrecin sa\u011fl\u0131kl\u0131 ilerlemesi a\u00e7\u0131s\u0131ndan \u00f6nemlidir. --- ### 12. **K\u0131r\u0131lacak e\u015fyalar i\u00e7in \u00f6zel koruma sa\u011flan\u0131yor mu?** Evet. Cam, porselen ve elektronik gibi hassas e\u015fyalar i\u00e7in ekstra korumal\u0131 ambalaj ve \u00f6zel kolileme sistemi uygulan\u0131r. --- ### 13. **E\u015fyalar\u0131m hangi ara\u00e7larla ta\u015f\u0131n\u0131yor?** E\u015fyalar\u0131n\u0131z, ta\u015f\u0131ma hacmine uygun b\u00fcy\u00fckl\u00fckte kapal\u0131 kasa, yast\u0131kl\u0131 ve sabitleme sistemli \u00f6zel nakliye ara\u00e7lar\u0131m\u0131zla ta\u015f\u0131n\u0131r. --- ### 14. **E\u015fyalar\u0131m\u0131 ge\u00e7ici olarak depolayabilir miyim?** Elbette. K\u0131sa veya uzun s\u00fcreli e\u015fya depolama \u00e7\u00f6z\u00fcmlerimizle, e\u015fyalar\u0131n\u0131z\u0131 g\u00fcvenli ortamlarda muhafaza ediyoruz. --- ### 15. **Nakliye hizmetiniz haftan\u0131n her g\u00fcn\u00fc a\u00e7\u0131k m\u0131?** Evet. Hafta i\u00e7i ve hafta sonu dahil olmak \u00fczere, talepler do\u011frultusunda her g\u00fcn hizmet vermekteyiz. -","sameAs":["https:\/\/emniyetnakliyat.com"]}]}},"_links":{"self":[{"href":"https:\/\/emniyetnakliyat.com\/nevsehir\/wp-json\/wp\/v2\/posts\/63","targetHints":{"allow":["GET"]}}],"collection":[{"href":"https:\/\/emniyetnakliyat.com\/nevsehir\/wp-json\/wp\/v2\/posts"}],"about":[{"href":"https:\/\/emniyetnakliyat.com\/nevsehir\/wp-json\/wp\/v2\/types\/post"}],"author":[{"embeddable":true,"href":"https:\/\/emniyetnakliyat.com\/nevsehir\/wp-json\/wp\/v2\/users\/1"}],"replies":[{"embeddable":true,"href":"https:\/\/emniyetnakliyat.com\/nevsehir\/wp-json\/wp\/v2\/comments?post=63"}],"version-history":[{"count":1,"href":"https:\/\/emniyetnakliyat.com\/nevsehir\/wp-json\/wp\/v2\/posts\/63\/revisions"}],"predecessor-version":[{"id":99,"href":"https:\/\/emniyetnakliyat.com\/nevsehir\/wp-json\/wp\/v2\/posts\/63\/revisions\/99"}],"wp:attachment":[{"href":"https:\/\/emniyetnakliyat.com\/nevsehir\/wp-json\/wp\/v2\/media?parent=63"}],"wp:term":[{"taxonomy":"category","embeddable":true,"href":"https:\/\/emniyetnakliyat.com\/nevsehir\/wp-json\/wp\/v2\/categories?post=63"},{"taxonomy":"post_tag","embeddable":true,"href":"https:\/\/emniyetnakliyat.com\/nevsehir\/wp-json\/wp\/v2\/tags?post=63"}],"curies":[{"name":"wp","href":"https:\/\/api.w.org\/{rel}","templated":true}]}}