{"id":17,"date":"2025-07-17T09:53:24","date_gmt":"2025-07-17T06:53:24","guid":{"rendered":"https:\/\/emniyetnakliyat.com\/nevsehir\/2025\/07\/17\/blog-post-1\/"},"modified":"2026-04-24T12:40:24","modified_gmt":"2026-04-24T09:40:24","slug":"nevsehir-evden-eve-nakliyat","status":"publish","type":"post","link":"https:\/\/emniyetnakliyat.com\/nevsehir\/nevsehir-evden-eve-nakliyat\/","title":{"rendered":"Nev\u015fehir Evden Eve Nakliyat"},"content":{"rendered":"\n<h2 class=\"wp-block-heading\">Nev\u015fehir Evden Eve Nakliyat \u2014 Emniyet Nakliyat<\/h2>\n\n\n\n<p>Nev\u015fehir Evden Eve Nakliyat&#8221;,&#8217; Nev\u015fehir\u2019de ta\u015f\u0131nman\u0131n en g\u00fcvenli adresi <strong>Emniyet Nakliyat<\/strong>. Evinizi veya ofisinizi zarar g\u00f6rmeden, planl\u0131 ve profesyonel ekip ile yeni adresinize ta\u015f\u0131yoruz. Her a\u015famada \u015feffaf fiyatland\u0131rma ve sigortal\u0131 hizmet sunuyoruz.<\/p>\n\n\n\n<h2 class=\"wp-block-heading\">K\u0131sa &amp; Detayl\u0131 Hizmet \u00d6zeti<\/h2>\n\n\n\n<ul class=\"wp-block-list\">\n<li><strong>Ev Ta\u015f\u0131mac\u0131l\u0131\u011f\u0131:<\/strong> Tek odadan komple eve kadar, t\u00fcm e\u015fyalar\u0131n\u0131z \u00f6zenle paketlenir ve ta\u015f\u0131n\u0131r.<\/li>\n\n\n\n<li><strong>Asans\u00f6rl\u00fc Ta\u015f\u0131ma:<\/strong> Dar sokak veya y\u00fcksek kat sorununu asans\u00f6rl\u00fc \u00e7\u00f6z\u00fcmlerle h\u0131zl\u0131ca a\u015f\u0131yoruz.<\/li>\n\n\n\n<li><strong>Ofis \/ Kurumsal Ta\u015f\u0131ma:<\/strong> Kesintisiz i\u015f ak\u0131\u015f\u0131 i\u00e7in planl\u0131, g\u00fcvenli ta\u015f\u0131mac\u0131l\u0131k.<\/li>\n\n\n\n<li><strong>Ambalajlama &amp; Montaj:<\/strong> Mobilya s\u00f6k\u00fcm, paketleme, yeni adreste montaj ve yerle\u015ftirme dahil.<\/li>\n<\/ul>\n\n\n\n<h2 class=\"wp-block-heading\">Neden Biz?<\/h2>\n\n\n\n<ul class=\"wp-block-list\">\n<li><strong>Uzman Ekip:<\/strong> Deneyimli ta\u015f\u0131mac\u0131lar; hassas e\u015fyalar i\u00e7in \u00f6zel ambalaj.<\/li>\n\n\n\n<li><strong>\u00dccretsiz Ke\u015fif &amp; Net Fiyat:<\/strong> S\u00fcrpriz \u00fccret yok; eksiksiz teklif.<\/li>\n\n\n\n<li><strong>Zaman\u0131nda Teslim:<\/strong> Planlanan g\u00fcn ve saatte ta\u015f\u0131ma.<\/li>\n\n\n\n<li><strong>Nev\u015fehir\u2019in Her Noktas\u0131na:<\/strong> G\u00f6reme, \u00dcrg\u00fcp, Avanos, U\u00e7hisar ve t\u00fcm il\u00e7eler.<\/li>\n<\/ul>\n\n\n\n<h2 class=\"wp-block-heading\">Ta\u015f\u0131ma S\u00fcrecimiz (K\u0131sa)<\/h2>\n\n\n\n<ol class=\"wp-block-list\">\n<li>\u00dccretsiz ke\u015fif ve fiyatland\u0131rma.<\/li>\n\n\n\n<li>Paketleme ve g\u00fcvenli ambalajlama.<\/li>\n\n\n\n<li>Asans\u00f6r ve ta\u015f\u0131ma i\u015flemi.<\/li>\n\n\n\n<li>Yeni adreste montaj ve yerle\u015ftirme.<\/li>\n\n\n\n<li>Son kontrol ve m\u00fc\u015fteri onay\u0131.<\/li>\n<\/ol>\n\n\n\n<h2 class=\"wp-block-heading\">Hemen Teklif Al\u0131n<\/h2>\n\n\n\n<p>Stressiz ta\u015f\u0131nma i\u00e7in hemen randevu al\u0131n veya \u00fccretsiz ke\u015fif isteyin:<br><strong>Telefon:<\/strong> 0(554) 530 97 48 \/ 0(536) 311 72 59<br><strong>E-posta:<\/strong> <a href=\"mailto:info@emniyetnakliyat.com\">info@emniyetnakliyat.com<\/a><br>(Sayfa i\u00e7in uyumlu: <code>https:\/\/emniyetnakliyat.com\/nevsehir\/<\/code>)<\/p>\n\n\n\n<hr class=\"wp-block-separator has-alpha-channel-opacity\"\/>\n\n\n\n<p><strong>\u00d6nerilen anahtar kelimeler:<\/strong> Nev\u015fehir evden eve nakliyat, Nev\u015fehir asans\u00f6rl\u00fc ta\u015f\u0131ma, Nev\u015fehir nakliyat fiyat, Emniyet Nakliyat Nev\u015fehir.<br><\/p>\n","protected":false},"excerpt":{"rendered":"<p>Nev\u015fehir Evden Eve Nakliyat \u2014 Emniyet Nakliyat Nev\u015fehir Evden Eve Nakliyat&#8221;,&#8217; Nev\u015fehir\u2019de ta\u015f\u0131nman\u0131n en g\u00fcvenli adresi Emniyet Nakliyat. Evinizi veya ofisinizi zarar g\u00f6rmeden, planl\u0131 ve profesyonel ekip ile yeni adresinize ta\u015f\u0131yoruz. Her a\u015famada \u015feffaf fiyatland\u0131rma ve sigortal\u0131 hizmet sunuyoruz. K\u0131sa &amp; Detayl\u0131 Hizmet \u00d6zeti Neden Biz? Ta\u015f\u0131ma S\u00fcrecimiz (K\u0131sa) Hemen Teklif Al\u0131n Stressiz ta\u015f\u0131nma i\u00e7in [&hellip;]<\/p>\n","protected":false},"author":1,"featured_media":0,"comment_status":"closed","ping_status":"0","sticky":false,"template":"","format":"standard","meta":{"footnotes":""},"categories":[2],"tags":[10,7,8,9],"class_list":["post-17","post","type-post","status-publish","format-standard","hentry","category-nevsehir-nakliyat","tag-nevsehir-asansorlu-tasimacilik","tag-nevsehir-evden-eve-nakliyat-fiyatlari","tag-nevsehir-sehirlerarasi-nakliyat","tag-urgupluler-evden-eve-tasimacilik"],"yoast_head":"<!-- This site is optimized with the Yoast SEO plugin v27.4 - https:\/\/yoast.com\/product\/yoast-seo-wordpress\/ -->\n<title>Nev\u015fehir Evden Eve Nakliyat<\/title>\n<meta name=\"description\" content=\"Nev\u015fehir evden eve nakliyat, Nev\u015fehir asans\u00f6rl\u00fc ta\u015f\u0131ma, Nev\u015fehir nakliyat fiyat, Emniyet Nakliyat Nev\u015fehir.\" \/>\n<meta name=\"robots\" content=\"index, follow, max-snippet:-1, max-image-preview:large, max-video-preview:-1\" \/>\n<link rel=\"canonical\" href=\"https:\/\/emniyetnakliyat.com\/nevsehir\/nevsehir-evden-eve-nakliyat\/\" \/>\n<meta property=\"og:locale\" content=\"tr_TR\" \/>\n<meta property=\"og:type\" content=\"article\" \/>\n<meta property=\"og:title\" content=\"Nev\u015fehir Evden Eve Nakliyat\" \/>\n<meta property=\"og:description\" content=\"Nev\u015fehir evden eve nakliyat, Nev\u015fehir asans\u00f6rl\u00fc ta\u015f\u0131ma, Nev\u015fehir nakliyat fiyat, Emniyet Nakliyat Nev\u015fehir.\" \/>\n<meta property=\"og:url\" content=\"https:\/\/emniyetnakliyat.com\/nevsehir\/nevsehir-evden-eve-nakliyat\/\" \/>\n<meta property=\"og:site_name\" content=\"Nev\u015fehir Evden Eve Nakliyat\" \/>\n<meta property=\"article:published_time\" content=\"2025-07-17T06:53:24+00:00\" \/>\n<meta property=\"article:modified_time\" content=\"2026-04-24T09:40:24+00:00\" \/>\n<meta property=\"og:image\" content=\"https:\/\/emniyetnakliyat.com\/nevsehir\/wp-content\/uploads\/sites\/3\/2025\/07\/iltisim-kamyon-resimi-evden-eve-nakliyat.jpg\" \/>\n\t<meta property=\"og:image:width\" content=\"330\" \/>\n\t<meta property=\"og:image:height\" content=\"295\" \/>\n\t<meta property=\"og:image:type\" content=\"image\/jpeg\" \/>\n<meta name=\"author\" content=\"dursun\" \/>\n<meta name=\"twitter:card\" content=\"summary_large_image\" \/>\n<meta name=\"twitter:label1\" content=\"Yazan:\" \/>\n\t<meta name=\"twitter:data1\" content=\"dursun\" \/>\n\t<meta name=\"twitter:label2\" content=\"Tahmini okuma s\u00fcresi\" \/>\n\t<meta name=\"twitter:data2\" content=\"2 dakika\" \/>\n<script type=\"application\/ld+json\" class=\"yoast-schema-graph\">{\"@context\":\"https:\\\/\\\/schema.org\",\"@graph\":[{\"@type\":\"Article\",\"@id\":\"https:\\\/\\\/emniyetnakliyat.com\\\/nevsehir\\\/nevsehir-evden-eve-nakliyat\\\/#article\",\"isPartOf\":{\"@id\":\"https:\\\/\\\/emniyetnakliyat.com\\\/nevsehir\\\/nevsehir-evden-eve-nakliyat\\\/\"},\"author\":{\"name\":\"dursun\",\"@id\":\"https:\\\/\\\/emniyetnakliyat.com\\\/nevsehir\\\/#\\\/schema\\\/person\\\/cae47676b1897faa81eb1abdb4966ab7\"},\"headline\":\"Nev\u015fehir Evden Eve Nakliyat\",\"datePublished\":\"2025-07-17T06:53:24+00:00\",\"dateModified\":\"2026-04-24T09:40:24+00:00\",\"mainEntityOfPage\":{\"@id\":\"https:\\\/\\\/emniyetnakliyat.com\\\/nevsehir\\\/nevsehir-evden-eve-nakliyat\\\/\"},\"wordCount\":272,\"publisher\":{\"@id\":\"https:\\\/\\\/emniyetnakliyat.com\\\/nevsehir\\\/#organization\"},\"keywords\":[\"Nev\u015fehir Asans\u00f6rl\u00fc ta\u015f\u0131mac\u0131l\u0131k\",\"Nev\u015fehir Evden Eve Nakliyat Fiyatlar\u0131\",\"Nev\u015fehir \u015fehirleraras\u0131 Nakliyat\",\"\u00dcrg\u00fcpl\u00fcler Evden Eve ta\u015fimacilik\"],\"articleSection\":[\"Nev\u015fehir Nakliyat\"],\"inLanguage\":\"tr\"},{\"@type\":\"WebPage\",\"@id\":\"https:\\\/\\\/emniyetnakliyat.com\\\/nevsehir\\\/nevsehir-evden-eve-nakliyat\\\/\",\"url\":\"https:\\\/\\\/emniyetnakliyat.com\\\/nevsehir\\\/nevsehir-evden-eve-nakliyat\\\/\",\"name\":\"Nev\u015fehir Evden Eve Nakliyat\",\"isPartOf\":{\"@id\":\"https:\\\/\\\/emniyetnakliyat.com\\\/nevsehir\\\/#website\"},\"datePublished\":\"2025-07-17T06:53:24+00:00\",\"dateModified\":\"2026-04-24T09:40:24+00:00\",\"description\":\"Nev\u015fehir evden eve nakliyat, Nev\u015fehir asans\u00f6rl\u00fc ta\u015f\u0131ma, Nev\u015fehir nakliyat fiyat, Emniyet Nakliyat Nev\u015fehir.\",\"breadcrumb\":{\"@id\":\"https:\\\/\\\/emniyetnakliyat.com\\\/nevsehir\\\/nevsehir-evden-eve-nakliyat\\\/#breadcrumb\"},\"inLanguage\":\"tr\",\"potentialAction\":[{\"@type\":\"ReadAction\",\"target\":[\"https:\\\/\\\/emniyetnakliyat.com\\\/nevsehir\\\/nevsehir-evden-eve-nakliyat\\\/\"]}]},{\"@type\":\"BreadcrumbList\",\"@id\":\"https:\\\/\\\/emniyetnakliyat.com\\\/nevsehir\\\/nevsehir-evden-eve-nakliyat\\\/#breadcrumb\",\"itemListElement\":[{\"@type\":\"ListItem\",\"position\":1,\"name\":\"Anasayfa\",\"item\":\"https:\\\/\\\/emniyetnakliyat.com\\\/nevsehir\\\/\"},{\"@type\":\"ListItem\",\"position\":2,\"name\":\"Nev\u015fehir Evden Eve Nakliyat\"}]},{\"@type\":\"WebSite\",\"@id\":\"https:\\\/\\\/emniyetnakliyat.com\\\/nevsehir\\\/#website\",\"url\":\"https:\\\/\\\/emniyetnakliyat.com\\\/nevsehir\\\/\",\"name\":\"Nev\u015fehir Evden Eve Nakliyat\",\"description\":\"Nev\u015fehir Evden Eve\",\"publisher\":{\"@id\":\"https:\\\/\\\/emniyetnakliyat.com\\\/nevsehir\\\/#organization\"},\"alternateName\":\"Nev\u015fehir Evden Eve\",\"potentialAction\":[{\"@type\":\"SearchAction\",\"target\":{\"@type\":\"EntryPoint\",\"urlTemplate\":\"https:\\\/\\\/emniyetnakliyat.com\\\/nevsehir\\\/?s={search_term_string}\"},\"query-input\":{\"@type\":\"PropertyValueSpecification\",\"valueRequired\":true,\"valueName\":\"search_term_string\"}}],\"inLanguage\":\"tr\"},{\"@type\":\"Organization\",\"@id\":\"https:\\\/\\\/emniyetnakliyat.com\\\/nevsehir\\\/#organization\",\"name\":\"nev\u015fehir evden eve nakliyat fiyatlar\u0131\",\"alternateName\":\"nev\u015fehir evden eve ta\u015f\u0131ma fiyatlar\u0131\",\"url\":\"https:\\\/\\\/emniyetnakliyat.com\\\/nevsehir\\\/\",\"logo\":{\"@type\":\"ImageObject\",\"inLanguage\":\"tr\",\"@id\":\"https:\\\/\\\/emniyetnakliyat.com\\\/nevsehir\\\/#\\\/schema\\\/logo\\\/image\\\/\",\"url\":\"https:\\\/\\\/emniyetnakliyat.com\\\/nevsehir\\\/wp-content\\\/uploads\\\/sites\\\/3\\\/2025\\\/07\\\/iltisim-kamyon-resimi-evden-eve-nakliyat.jpg\",\"contentUrl\":\"https:\\\/\\\/emniyetnakliyat.com\\\/nevsehir\\\/wp-content\\\/uploads\\\/sites\\\/3\\\/2025\\\/07\\\/iltisim-kamyon-resimi-evden-eve-nakliyat.jpg\",\"width\":330,\"height\":295,\"caption\":\"nev\u015fehir evden eve nakliyat fiyatlar\u0131\"},\"image\":{\"@id\":\"https:\\\/\\\/emniyetnakliyat.com\\\/nevsehir\\\/#\\\/schema\\\/logo\\\/image\\\/\"}},{\"@type\":\"Person\",\"@id\":\"https:\\\/\\\/emniyetnakliyat.com\\\/nevsehir\\\/#\\\/schema\\\/person\\\/cae47676b1897faa81eb1abdb4966ab7\",\"name\":\"dursun\",\"image\":{\"@type\":\"ImageObject\",\"inLanguage\":\"tr\",\"@id\":\"https:\\\/\\\/secure.gravatar.com\\\/avatar\\\/00d536440383b6da8bc49cec7f82c5ab521a2fe088fc11011f31694a92c84d45?s=96&d=mm&r=g\",\"url\":\"https:\\\/\\\/secure.gravatar.com\\\/avatar\\\/00d536440383b6da8bc49cec7f82c5ab521a2fe088fc11011f31694a92c84d45?s=96&d=mm&r=g\",\"contentUrl\":\"https:\\\/\\\/secure.gravatar.com\\\/avatar\\\/00d536440383b6da8bc49cec7f82c5ab521a2fe088fc11011f31694a92c84d45?s=96&d=mm&r=g\",\"caption\":\"dursun\"},\"description\":\"## \u2753 Nakliyat ile \u0130lgili S\u0131k\u00e7a Sorulan Sorular ### 1. **Evden eve nakliyat nedir?** Evden eve nakliyat, e\u015fyalar\u0131n\u0131z\u0131n mevcut adresinizden al\u0131narak yeni adresinize g\u00fcvenli ve d\u00fczenli bir \u015fekilde ta\u015f\u0131nmas\u0131 i\u015flemidir. Paketleme, ta\u015f\u0131ma, montaj ve yerle\u015ftirme gibi a\u015famalar\u0131 kapsar. --- ### 2. **Ta\u015f\u0131nmadan ne kadar s\u00fcre \u00f6nce rezervasyon yapt\u0131rmal\u0131y\u0131m?** Ta\u015f\u0131nma tarihinden en az 3-7 g\u00fcn \u00f6nce firmam\u0131zla ileti\u015fime ge\u00e7meniz, uygun zaman ve ekip planlamas\u0131 a\u00e7\u0131s\u0131ndan \u00f6nemlidir. Yo\u011fun d\u00f6nemlerde daha erken rezervasyon \u00f6nerilir. --- ### 3. **E\u015fyalar\u0131m ta\u015f\u0131n\u0131rken sigorta yap\u0131l\u0131yor mu?** Evet, Emniyet Nakliyat olarak t\u00fcm \u015fehir i\u00e7i ve \u015fehirler aras\u0131 ta\u015f\u0131malar\u0131m\u0131zda sigortal\u0131 nakliyat hizmeti sunuyoruz. Olas\u0131 zararlar sigorta kapsam\u0131nda kar\u015f\u0131lan\u0131r. --- ### 4. **Ambalajlama hizmeti sunuyor musunuz?** Kesinlikle. T\u00fcm e\u015fyalar\u0131n\u0131z, \u00e7izilme, k\u0131r\u0131lma veya ezilmelere kar\u015f\u0131 \u00f6zel ambalaj malzemeleri kullan\u0131larak profesyonelce paketlenir. --- ### 5. **Mobilyalar\u0131n montaj ve demontaj i\u015flemleri yap\u0131l\u0131r m\u0131?** Evet. Marangoz ekibimiz b\u00fcy\u00fck mobilyalar\u0131n\u0131z\u0131 ta\u015f\u0131madan \u00f6nce s\u00f6ker, yeni evinizde tekrar kurulumunu yapar. --- ### 6. **Asans\u00f6rl\u00fc ta\u015f\u0131ma hizmetiniz var m\u0131?** Evet, y\u00fcksek katl\u0131 binalarda bina i\u00e7i riski ortadan kald\u0131rmak i\u00e7in d\u0131\u015f cephe asans\u00f6rl\u00fc ta\u015f\u0131ma hizmeti sunmaktay\u0131z. --- ### 7. **Ta\u015f\u0131nma i\u015flemi hangi saatlerde ba\u015fl\u0131yor?** Genellikle sabah erken saatlerde (07:00 - 09:00 aras\u0131) ta\u015f\u0131ma ba\u015flat\u0131l\u0131r. Ancak m\u00fc\u015fteri talebine g\u00f6re saat esnekli\u011fi sa\u011flanabilir. --- ### 8. **Ta\u015f\u0131ma s\u00fcresi ne kadar s\u00fcrer?** Ta\u015f\u0131ma s\u00fcresi e\u015fya miktar\u0131na, kat say\u0131s\u0131na ve gidilecek mesafeye ba\u011fl\u0131 olarak de\u011fi\u015fir. Genellikle \u015fehir i\u00e7i ta\u015f\u0131malar ayn\u0131 g\u00fcn i\u00e7erisinde tamamlan\u0131r. --- ### 9. **Nakliyat fiyatlar\u0131 nas\u0131l belirleniyor?** Fiyatland\u0131rma; e\u015fya yo\u011funlu\u011fu, kat durumu, mesafe, asans\u00f6r ihtiyac\u0131 ve ek hizmetlere g\u00f6re belirlenir. \u00dccretsiz ekspertiz hizmeti ile net fiyat teklifi sunulur. --- ### 10. **\u015eehirler aras\u0131 ta\u015f\u0131mac\u0131l\u0131k yap\u0131yor musunuz?** Evet. T\u00fcrkiye\u2019nin 81 iline profesyonel \u015fehirler aras\u0131 ta\u015f\u0131mac\u0131l\u0131k hizmeti sunmaktay\u0131z. --- ### 11. **Ta\u015f\u0131ma g\u00fcn\u00fc evde bulunmam \u015fart m\u0131?** Tercihen ev sahibi ya da yetkili bir ki\u015finin ta\u015f\u0131ma g\u00fcn\u00fc adreste bulunmas\u0131, s\u00fcrecin sa\u011fl\u0131kl\u0131 ilerlemesi a\u00e7\u0131s\u0131ndan \u00f6nemlidir. --- ### 12. **K\u0131r\u0131lacak e\u015fyalar i\u00e7in \u00f6zel koruma sa\u011flan\u0131yor mu?** Evet. Cam, porselen ve elektronik gibi hassas e\u015fyalar i\u00e7in ekstra korumal\u0131 ambalaj ve \u00f6zel kolileme sistemi uygulan\u0131r. --- ### 13. **E\u015fyalar\u0131m hangi ara\u00e7larla ta\u015f\u0131n\u0131yor?** E\u015fyalar\u0131n\u0131z, ta\u015f\u0131ma hacmine uygun b\u00fcy\u00fckl\u00fckte kapal\u0131 kasa, yast\u0131kl\u0131 ve sabitleme sistemli \u00f6zel nakliye ara\u00e7lar\u0131m\u0131zla ta\u015f\u0131n\u0131r. --- ### 14. **E\u015fyalar\u0131m\u0131 ge\u00e7ici olarak depolayabilir miyim?** Elbette. K\u0131sa veya uzun s\u00fcreli e\u015fya depolama \u00e7\u00f6z\u00fcmlerimizle, e\u015fyalar\u0131n\u0131z\u0131 g\u00fcvenli ortamlarda muhafaza ediyoruz. --- ### 15. **Nakliye hizmetiniz haftan\u0131n her g\u00fcn\u00fc a\u00e7\u0131k m\u0131?** Evet. Hafta i\u00e7i ve hafta sonu dahil olmak \u00fczere, talepler do\u011frultusunda her g\u00fcn hizmet vermekteyiz. -\",\"sameAs\":[\"https:\\\/\\\/emniyetnakliyat.com\"]}]}<\/script>\n<!-- \/ Yoast SEO plugin. -->","yoast_head_json":{"title":"Nev\u015fehir Evden Eve Nakliyat","description":"Nev\u015fehir evden eve nakliyat, Nev\u015fehir asans\u00f6rl\u00fc ta\u015f\u0131ma, Nev\u015fehir nakliyat fiyat, Emniyet Nakliyat Nev\u015fehir.","robots":{"index":"index","follow":"follow","max-snippet":"max-snippet:-1","max-image-preview":"max-image-preview:large","max-video-preview":"max-video-preview:-1"},"canonical":"https:\/\/emniyetnakliyat.com\/nevsehir\/nevsehir-evden-eve-nakliyat\/","og_locale":"tr_TR","og_type":"article","og_title":"Nev\u015fehir Evden Eve Nakliyat","og_description":"Nev\u015fehir evden eve nakliyat, Nev\u015fehir asans\u00f6rl\u00fc ta\u015f\u0131ma, Nev\u015fehir nakliyat fiyat, Emniyet Nakliyat Nev\u015fehir.","og_url":"https:\/\/emniyetnakliyat.com\/nevsehir\/nevsehir-evden-eve-nakliyat\/","og_site_name":"Nev\u015fehir Evden Eve Nakliyat","article_published_time":"2025-07-17T06:53:24+00:00","article_modified_time":"2026-04-24T09:40:24+00:00","og_image":[{"width":330,"height":295,"url":"https:\/\/emniyetnakliyat.com\/nevsehir\/wp-content\/uploads\/sites\/3\/2025\/07\/iltisim-kamyon-resimi-evden-eve-nakliyat.jpg","type":"image\/jpeg"}],"author":"dursun","twitter_card":"summary_large_image","twitter_misc":{"Yazan:":"dursun","Tahmini okuma s\u00fcresi":"2 dakika"},"schema":{"@context":"https:\/\/schema.org","@graph":[{"@type":"Article","@id":"https:\/\/emniyetnakliyat.com\/nevsehir\/nevsehir-evden-eve-nakliyat\/#article","isPartOf":{"@id":"https:\/\/emniyetnakliyat.com\/nevsehir\/nevsehir-evden-eve-nakliyat\/"},"author":{"name":"dursun","@id":"https:\/\/emniyetnakliyat.com\/nevsehir\/#\/schema\/person\/cae47676b1897faa81eb1abdb4966ab7"},"headline":"Nev\u015fehir Evden Eve Nakliyat","datePublished":"2025-07-17T06:53:24+00:00","dateModified":"2026-04-24T09:40:24+00:00","mainEntityOfPage":{"@id":"https:\/\/emniyetnakliyat.com\/nevsehir\/nevsehir-evden-eve-nakliyat\/"},"wordCount":272,"publisher":{"@id":"https:\/\/emniyetnakliyat.com\/nevsehir\/#organization"},"keywords":["Nev\u015fehir Asans\u00f6rl\u00fc ta\u015f\u0131mac\u0131l\u0131k","Nev\u015fehir Evden Eve Nakliyat Fiyatlar\u0131","Nev\u015fehir \u015fehirleraras\u0131 Nakliyat","\u00dcrg\u00fcpl\u00fcler Evden Eve ta\u015fimacilik"],"articleSection":["Nev\u015fehir Nakliyat"],"inLanguage":"tr"},{"@type":"WebPage","@id":"https:\/\/emniyetnakliyat.com\/nevsehir\/nevsehir-evden-eve-nakliyat\/","url":"https:\/\/emniyetnakliyat.com\/nevsehir\/nevsehir-evden-eve-nakliyat\/","name":"Nev\u015fehir Evden Eve Nakliyat","isPartOf":{"@id":"https:\/\/emniyetnakliyat.com\/nevsehir\/#website"},"datePublished":"2025-07-17T06:53:24+00:00","dateModified":"2026-04-24T09:40:24+00:00","description":"Nev\u015fehir evden eve nakliyat, Nev\u015fehir asans\u00f6rl\u00fc ta\u015f\u0131ma, Nev\u015fehir nakliyat fiyat, Emniyet Nakliyat Nev\u015fehir.","breadcrumb":{"@id":"https:\/\/emniyetnakliyat.com\/nevsehir\/nevsehir-evden-eve-nakliyat\/#breadcrumb"},"inLanguage":"tr","potentialAction":[{"@type":"ReadAction","target":["https:\/\/emniyetnakliyat.com\/nevsehir\/nevsehir-evden-eve-nakliyat\/"]}]},{"@type":"BreadcrumbList","@id":"https:\/\/emniyetnakliyat.com\/nevsehir\/nevsehir-evden-eve-nakliyat\/#breadcrumb","itemListElement":[{"@type":"ListItem","position":1,"name":"Anasayfa","item":"https:\/\/emniyetnakliyat.com\/nevsehir\/"},{"@type":"ListItem","position":2,"name":"Nev\u015fehir Evden Eve Nakliyat"}]},{"@type":"WebSite","@id":"https:\/\/emniyetnakliyat.com\/nevsehir\/#website","url":"https:\/\/emniyetnakliyat.com\/nevsehir\/","name":"Nev\u015fehir Evden Eve Nakliyat","description":"Nev\u015fehir Evden Eve","publisher":{"@id":"https:\/\/emniyetnakliyat.com\/nevsehir\/#organization"},"alternateName":"Nev\u015fehir Evden Eve","potentialAction":[{"@type":"SearchAction","target":{"@type":"EntryPoint","urlTemplate":"https:\/\/emniyetnakliyat.com\/nevsehir\/?s={search_term_string}"},"query-input":{"@type":"PropertyValueSpecification","valueRequired":true,"valueName":"search_term_string"}}],"inLanguage":"tr"},{"@type":"Organization","@id":"https:\/\/emniyetnakliyat.com\/nevsehir\/#organization","name":"nev\u015fehir evden eve nakliyat fiyatlar\u0131","alternateName":"nev\u015fehir evden eve ta\u015f\u0131ma fiyatlar\u0131","url":"https:\/\/emniyetnakliyat.com\/nevsehir\/","logo":{"@type":"ImageObject","inLanguage":"tr","@id":"https:\/\/emniyetnakliyat.com\/nevsehir\/#\/schema\/logo\/image\/","url":"https:\/\/emniyetnakliyat.com\/nevsehir\/wp-content\/uploads\/sites\/3\/2025\/07\/iltisim-kamyon-resimi-evden-eve-nakliyat.jpg","contentUrl":"https:\/\/emniyetnakliyat.com\/nevsehir\/wp-content\/uploads\/sites\/3\/2025\/07\/iltisim-kamyon-resimi-evden-eve-nakliyat.jpg","width":330,"height":295,"caption":"nev\u015fehir evden eve nakliyat fiyatlar\u0131"},"image":{"@id":"https:\/\/emniyetnakliyat.com\/nevsehir\/#\/schema\/logo\/image\/"}},{"@type":"Person","@id":"https:\/\/emniyetnakliyat.com\/nevsehir\/#\/schema\/person\/cae47676b1897faa81eb1abdb4966ab7","name":"dursun","image":{"@type":"ImageObject","inLanguage":"tr","@id":"https:\/\/secure.gravatar.com\/avatar\/00d536440383b6da8bc49cec7f82c5ab521a2fe088fc11011f31694a92c84d45?s=96&d=mm&r=g","url":"https:\/\/secure.gravatar.com\/avatar\/00d536440383b6da8bc49cec7f82c5ab521a2fe088fc11011f31694a92c84d45?s=96&d=mm&r=g","contentUrl":"https:\/\/secure.gravatar.com\/avatar\/00d536440383b6da8bc49cec7f82c5ab521a2fe088fc11011f31694a92c84d45?s=96&d=mm&r=g","caption":"dursun"},"description":"## \u2753 Nakliyat ile \u0130lgili S\u0131k\u00e7a Sorulan Sorular ### 1. **Evden eve nakliyat nedir?** Evden eve nakliyat, e\u015fyalar\u0131n\u0131z\u0131n mevcut adresinizden al\u0131narak yeni adresinize g\u00fcvenli ve d\u00fczenli bir \u015fekilde ta\u015f\u0131nmas\u0131 i\u015flemidir. Paketleme, ta\u015f\u0131ma, montaj ve yerle\u015ftirme gibi a\u015famalar\u0131 kapsar. --- ### 2. **Ta\u015f\u0131nmadan ne kadar s\u00fcre \u00f6nce rezervasyon yapt\u0131rmal\u0131y\u0131m?** Ta\u015f\u0131nma tarihinden en az 3-7 g\u00fcn \u00f6nce firmam\u0131zla ileti\u015fime ge\u00e7meniz, uygun zaman ve ekip planlamas\u0131 a\u00e7\u0131s\u0131ndan \u00f6nemlidir. Yo\u011fun d\u00f6nemlerde daha erken rezervasyon \u00f6nerilir. --- ### 3. **E\u015fyalar\u0131m ta\u015f\u0131n\u0131rken sigorta yap\u0131l\u0131yor mu?** Evet, Emniyet Nakliyat olarak t\u00fcm \u015fehir i\u00e7i ve \u015fehirler aras\u0131 ta\u015f\u0131malar\u0131m\u0131zda sigortal\u0131 nakliyat hizmeti sunuyoruz. Olas\u0131 zararlar sigorta kapsam\u0131nda kar\u015f\u0131lan\u0131r. --- ### 4. **Ambalajlama hizmeti sunuyor musunuz?** Kesinlikle. T\u00fcm e\u015fyalar\u0131n\u0131z, \u00e7izilme, k\u0131r\u0131lma veya ezilmelere kar\u015f\u0131 \u00f6zel ambalaj malzemeleri kullan\u0131larak profesyonelce paketlenir. --- ### 5. **Mobilyalar\u0131n montaj ve demontaj i\u015flemleri yap\u0131l\u0131r m\u0131?** Evet. Marangoz ekibimiz b\u00fcy\u00fck mobilyalar\u0131n\u0131z\u0131 ta\u015f\u0131madan \u00f6nce s\u00f6ker, yeni evinizde tekrar kurulumunu yapar. --- ### 6. **Asans\u00f6rl\u00fc ta\u015f\u0131ma hizmetiniz var m\u0131?** Evet, y\u00fcksek katl\u0131 binalarda bina i\u00e7i riski ortadan kald\u0131rmak i\u00e7in d\u0131\u015f cephe asans\u00f6rl\u00fc ta\u015f\u0131ma hizmeti sunmaktay\u0131z. --- ### 7. **Ta\u015f\u0131nma i\u015flemi hangi saatlerde ba\u015fl\u0131yor?** Genellikle sabah erken saatlerde (07:00 - 09:00 aras\u0131) ta\u015f\u0131ma ba\u015flat\u0131l\u0131r. Ancak m\u00fc\u015fteri talebine g\u00f6re saat esnekli\u011fi sa\u011flanabilir. --- ### 8. **Ta\u015f\u0131ma s\u00fcresi ne kadar s\u00fcrer?** Ta\u015f\u0131ma s\u00fcresi e\u015fya miktar\u0131na, kat say\u0131s\u0131na ve gidilecek mesafeye ba\u011fl\u0131 olarak de\u011fi\u015fir. Genellikle \u015fehir i\u00e7i ta\u015f\u0131malar ayn\u0131 g\u00fcn i\u00e7erisinde tamamlan\u0131r. --- ### 9. **Nakliyat fiyatlar\u0131 nas\u0131l belirleniyor?** Fiyatland\u0131rma; e\u015fya yo\u011funlu\u011fu, kat durumu, mesafe, asans\u00f6r ihtiyac\u0131 ve ek hizmetlere g\u00f6re belirlenir. \u00dccretsiz ekspertiz hizmeti ile net fiyat teklifi sunulur. --- ### 10. **\u015eehirler aras\u0131 ta\u015f\u0131mac\u0131l\u0131k yap\u0131yor musunuz?** Evet. T\u00fcrkiye\u2019nin 81 iline profesyonel \u015fehirler aras\u0131 ta\u015f\u0131mac\u0131l\u0131k hizmeti sunmaktay\u0131z. --- ### 11. **Ta\u015f\u0131ma g\u00fcn\u00fc evde bulunmam \u015fart m\u0131?** Tercihen ev sahibi ya da yetkili bir ki\u015finin ta\u015f\u0131ma g\u00fcn\u00fc adreste bulunmas\u0131, s\u00fcrecin sa\u011fl\u0131kl\u0131 ilerlemesi a\u00e7\u0131s\u0131ndan \u00f6nemlidir. --- ### 12. **K\u0131r\u0131lacak e\u015fyalar i\u00e7in \u00f6zel koruma sa\u011flan\u0131yor mu?** Evet. Cam, porselen ve elektronik gibi hassas e\u015fyalar i\u00e7in ekstra korumal\u0131 ambalaj ve \u00f6zel kolileme sistemi uygulan\u0131r. --- ### 13. **E\u015fyalar\u0131m hangi ara\u00e7larla ta\u015f\u0131n\u0131yor?** E\u015fyalar\u0131n\u0131z, ta\u015f\u0131ma hacmine uygun b\u00fcy\u00fckl\u00fckte kapal\u0131 kasa, yast\u0131kl\u0131 ve sabitleme sistemli \u00f6zel nakliye ara\u00e7lar\u0131m\u0131zla ta\u015f\u0131n\u0131r. --- ### 14. **E\u015fyalar\u0131m\u0131 ge\u00e7ici olarak depolayabilir miyim?** Elbette. K\u0131sa veya uzun s\u00fcreli e\u015fya depolama \u00e7\u00f6z\u00fcmlerimizle, e\u015fyalar\u0131n\u0131z\u0131 g\u00fcvenli ortamlarda muhafaza ediyoruz. --- ### 15. **Nakliye hizmetiniz haftan\u0131n her g\u00fcn\u00fc a\u00e7\u0131k m\u0131?** Evet. Hafta i\u00e7i ve hafta sonu dahil olmak \u00fczere, talepler do\u011frultusunda her g\u00fcn hizmet vermekteyiz. -","sameAs":["https:\/\/emniyetnakliyat.com"]}]}},"_links":{"self":[{"href":"https:\/\/emniyetnakliyat.com\/nevsehir\/wp-json\/wp\/v2\/posts\/17","targetHints":{"allow":["GET"]}}],"collection":[{"href":"https:\/\/emniyetnakliyat.com\/nevsehir\/wp-json\/wp\/v2\/posts"}],"about":[{"href":"https:\/\/emniyetnakliyat.com\/nevsehir\/wp-json\/wp\/v2\/types\/post"}],"author":[{"embeddable":true,"href":"https:\/\/emniyetnakliyat.com\/nevsehir\/wp-json\/wp\/v2\/users\/1"}],"replies":[{"embeddable":true,"href":"https:\/\/emniyetnakliyat.com\/nevsehir\/wp-json\/wp\/v2\/comments?post=17"}],"version-history":[{"count":1,"href":"https:\/\/emniyetnakliyat.com\/nevsehir\/wp-json\/wp\/v2\/posts\/17\/revisions"}],"predecessor-version":[{"id":100,"href":"https:\/\/emniyetnakliyat.com\/nevsehir\/wp-json\/wp\/v2\/posts\/17\/revisions\/100"}],"wp:attachment":[{"href":"https:\/\/emniyetnakliyat.com\/nevsehir\/wp-json\/wp\/v2\/media?parent=17"}],"wp:term":[{"taxonomy":"category","embeddable":true,"href":"https:\/\/emniyetnakliyat.com\/nevsehir\/wp-json\/wp\/v2\/categories?post=17"},{"taxonomy":"post_tag","embeddable":true,"href":"https:\/\/emniyetnakliyat.com\/nevsehir\/wp-json\/wp\/v2\/tags?post=17"}],"curies":[{"name":"wp","href":"https:\/\/api.w.org\/{rel}","templated":true}]}}