{"id":2,"count":5,"description":"<h1>Nev\u015fehir Nakliyat<\/h1>\r\n<!-- wp:heading -->\r\n<h2 class=\"wp-block-heading\">Nev\u015fehir Evden Eve Nakliyat | Emniyet Nakliyat ile G\u00fcven Ta\u015f\u0131mac\u0131l\u0131\u011f\u0131<\/h2>\r\n<!-- \/wp:heading --> <!-- wp:heading {\"level\":3} -->\r\n<h3 class=\"wp-block-heading\">G\u00fcvenilirlik \u00b7 H\u0131z \u00b7 Profesyonellik<\/h3>\r\n<!-- \/wp:heading --> <!-- wp:paragraph -->\r\n\r\nNev\u015fehir\u2019de nakliyat denince ilk akla gelen isim <strong>Emniyet Nakliyat<\/strong> ile e\u015fyalar\u0131n\u0131z g\u00fcvenle yeni yerine kavu\u015fur. Evden eve, ofis ya da kurumsal ta\u015f\u0131mac\u0131l\u0131kta asans\u00f6rl\u00fc \u00e7\u00f6z\u00fcmler, sigortal\u0131 ta\u015f\u0131ma ve uzman ekip ile fark yarat\u0131yoruz.\r\n\r\n<!-- \/wp:paragraph --> <!-- wp:separator -->\r\n\r\n<hr class=\"wp-block-separator has-alpha-channel-opacity\" \/>\r\n\r\n<!-- \/wp:separator --> <!-- wp:heading {\"level\":3} -->\r\n<h3 class=\"wp-block-heading\">Neden Emniyet Nakliyat?<\/h3>\r\n<!-- \/wp:heading --> <!-- wp:list -->\r\n<ul class=\"wp-block-list\"><!-- wp:list-item -->\r\n \t<li><strong>Uzman Kadro<\/strong>\r\nUzun y\u0131llara dayanan tecr\u00fcbesiyle \u00e7al\u0131\u015fan ve her biri nakliye s\u00fcrecinin t\u00fcm ad\u0131mlar\u0131na h\u00e2kim profesyonel ekibimiz, e\u015fyalar\u0131n\u0131z\u0131 \u00f6zenle ta\u015f\u0131r.<\/li>\r\n<!-- \/wp:list-item --> <!-- wp:list-item -->\r\n \t<li><strong>Modern Ekipman &amp; Asans\u00f6r Sistemleri<\/strong>\r\nGeni\u015f hacimli ve hassas e\u015fyalar\u0131n\u0131z i\u00e7in asans\u00f6rl\u00fc ta\u015f\u0131ma imk\u00e2n\u0131 sa\u011flan\u0131r. Dar sokak, kat y\u00fcksekli\u011fi gibi lojistik sorunlar uzman \u00e7\u00f6z\u00fcmlerle a\u015f\u0131l\u0131r.<\/li>\r\n<!-- \/wp:list-item --> <!-- wp:list-item -->\r\n \t<li><strong>\u015eehir \u0130\u00e7i &amp; \u015eehirleraras\u0131 Ta\u015f\u0131mac\u0131l\u0131k<\/strong>\r\nNev\u015fehir s\u0131n\u0131rlar\u0131 i\u00e7inde oldu\u011fu gibi T\u00fcrkiye\u2019nin her yerine g\u00fcvenli ta\u015f\u0131ma hizmeti sunar\u0131z. Rota fark etmez; Emniyet Nakliyat ile yolunuz g\u00fcvenli.<\/li>\r\n<!-- \/wp:list-item --> <!-- wp:list-item -->\r\n \t<li><strong>Ambalaj &amp; Paketleme Hizmeti<\/strong>\r\nE\u015fyalar\u0131n\u0131z\u0131n zarar g\u00f6rmemesi i\u00e7in uzman ambalajlama malzemeleri kullan\u0131l\u0131r. Mobilya s\u00f6k\u00fcm\u00fc ve montaj\u0131 dahil t\u00fcm paketleme s\u00fcre\u00e7leri itina ile ger\u00e7ekle\u015ftirilir.<\/li>\r\n<!-- \/wp:list-item --> <!-- wp:list-item -->\r\n \t<li><strong>7\/24 Destek &amp; Zamanlama Garantisi<\/strong>\r\nTa\u015f\u0131ma s\u00fcrecinin her a\u015famas\u0131nda sizinle ileti\u015fimdeyiz. Belirtilen teslim s\u00fcresi \u00e7er\u00e7evesinde hizmet veririz; planlanan zamanlama d\u0131\u015f\u0131na \u00e7\u0131k\u0131lmaz.<\/li>\r\n<!-- \/wp:list-item --><\/ul>\r\n<!-- \/wp:list --> <!-- wp:separator -->\r\n\r\n<hr class=\"wp-block-separator has-alpha-channel-opacity\" \/>\r\n\r\n<!-- \/wp:separator --> <!-- wp:heading {\"level\":3} -->\r\n<h3 class=\"wp-block-heading\">Hizmet Alanlar\u0131m\u0131z<\/h3>\r\n<!-- \/wp:heading --> <!-- wp:table -->\r\n<figure class=\"wp-block-table\">\r\n<table class=\"has-fixed-layout\">\r\n<thead>\r\n<tr>\r\n<th>Hizmet T\u00fcr\u00fc<\/th>\r\n<th>A\u00e7\u0131klama<\/th>\r\n<\/tr>\r\n<\/thead>\r\n<tbody>\r\n<tr>\r\n<td>Ev Ta\u015f\u0131mac\u0131l\u0131\u011f\u0131<\/td>\r\n<td>K\u00fc\u00e7\u00fck ya da b\u00fcy\u00fck daire e\u015fyalar\u0131 dahil, komple ta\u015f\u0131ma \u00e7\u00f6z\u00fcmleri.<\/td>\r\n<\/tr>\r\n<tr>\r\n<td>Ofis &amp; Kurumsal Ta\u015f\u0131mac\u0131l\u0131k<\/td>\r\n<td>Mobilya, d\u00f6\u015feme, teknik ekipman ta\u015f\u0131mas\u0131 \u2013 i\u015f yerinizin aksamadan ta\u015f\u0131nmas\u0131.<\/td>\r\n<\/tr>\r\n<tr>\r\n<td>Par\u00e7a E\u015fya Ta\u015f\u0131nmas\u0131<\/td>\r\n<td>Az say\u0131da e\u015fya i\u00e7in ekonomik ta\u015f\u0131ma se\u00e7enekleri.<\/td>\r\n<\/tr>\r\n<tr>\r\n<td>Asans\u00f6rl\u00fc Ta\u015f\u0131ma<\/td>\r\n<td>Kat y\u00fcksekli\u011fi vs. engeller i\u00e7in asans\u00f6r kurulumuyla h\u0131zl\u0131 ta\u015f\u0131ma.<\/td>\r\n<\/tr>\r\n<\/tbody>\r\n<\/table>\r\n<\/figure>\r\n<!-- \/wp:table --> <!-- wp:separator -->\r\n\r\n<hr class=\"wp-block-separator has-alpha-channel-opacity\" \/>\r\n\r\n<!-- \/wp:separator --> <!-- wp:heading {\"level\":3} -->\r\n<h3 class=\"wp-block-heading\">S\u00fcrecimiz<\/h3>\r\n<!-- \/wp:heading --> <!-- wp:list {\"ordered\":true} -->\r\n<ol class=\"wp-block-list\"><!-- wp:list-item -->\r\n \t<li><strong>\u00dccretsiz Ke\u015fif<\/strong>: E\u015fyalar\u0131n\u0131z yerinde incelenir, gerekli malzeme ve ara\u00e7 planlamas\u0131 yap\u0131l\u0131r.<\/li>\r\n<!-- \/wp:list-item --> <!-- wp:list-item -->\r\n \t<li><strong>Teklif ve Planlama<\/strong>: Net fiyat teklifi sunulur, ta\u015f\u0131ma g\u00fcn\u00fc i\u00e7in rota ve zaman plan\u0131 olu\u015fturulur.<\/li>\r\n<!-- \/wp:list-item --> <!-- wp:list-item -->\r\n \t<li><strong>Ambalaj ve S\u00f6k\u00fcm<\/strong>: E\u015fyalar dikkatli \u015fekilde paketlenir, gerekliyse demonte edilir.<\/li>\r\n<!-- \/wp:list-item --> <!-- wp:list-item -->\r\n \t<li><strong>Nakliye<\/strong>: Asans\u00f6r ve ta\u015f\u0131ma ekipmanlar\u0131 ile g\u00fcvenli \u015fekilde nakledilir.<\/li>\r\n<!-- \/wp:list-item --> <!-- wp:list-item -->\r\n \t<li><strong>Yerle\u015ftirme ve Montaj<\/strong>: Yeni adresinizde e\u015fyalar\u0131n\u0131z kurulup yerle\u015ftirilir. Eksik ya da hasar olmas\u0131 durumunda an\u0131nda \u00e7\u00f6z\u00fcm sa\u011flan\u0131r.<\/li>\r\n<!-- \/wp:list-item --><\/ol>\r\n<!-- \/wp:list --> <!-- wp:separator -->\r\n\r\n<hr class=\"wp-block-separator has-alpha-channel-opacity\" \/>\r\n\r\n<!-- \/wp:separator --> <!-- wp:heading {\"level\":3} -->\r\n<h3 class=\"wp-block-heading\">Hizmet B\u00f6lgemiz: Nev\u015fehir<\/h3>\r\n<!-- \/wp:heading --> <!-- wp:paragraph -->\r\n\r\nNev\u015fehir\u2019in t\u00fcm il\u00e7elerine (G\u00f6reme, U\u00e7hisar, Avanos, \u00dcrg\u00fcp, Derinkuyu, G\u00fcl\u015fehir vb.) hizmet verilmektedir. Hem \u015fehir i\u00e7i hem \u015fehirleraras\u0131 ta\u015f\u0131malarda destinasyon fark etmeksizin ayn\u0131 kalite standartlar\u0131yla \u00e7al\u0131\u015f\u0131yoruz.\r\n\r\n<!-- \/wp:paragraph --> <!-- wp:separator -->\r\n\r\n<hr class=\"wp-block-separator has-alpha-channel-opacity\" \/>\r\n\r\n<!-- \/wp:separator --> <!-- wp:heading {\"level\":3} -->\r\n<h3 class=\"wp-block-heading\">M\u00fc\u015fteri Memnuniyeti ve Referanslar\u0131m\u0131z<\/h3>\r\n<!-- \/wp:heading --> <!-- wp:paragraph -->\r\n\r\nEmniyet Nakliyat olarak en b\u00fcy\u00fck \u00f6nceli\u011fimiz m\u00fc\u015fteri memnuniyetidir. Ta\u015f\u0131mac\u0131l\u0131k s\u00fcrecinin her ad\u0131m\u0131nda sizden gelen geri bildirimlere b\u00fcy\u00fck \u00f6nem veririz. Referanslar\u0131m\u0131z ve m\u00fc\u015fterilerimizin yorumlar\u0131 ile kalite anlay\u0131\u015f\u0131m\u0131z\u0131 kan\u0131tl\u0131yoruz.\r\n\r\n<!-- \/wp:paragraph --> <!-- wp:separator -->\r\n\r\n<hr class=\"wp-block-separator has-alpha-channel-opacity\" \/>\r\n\r\n<!-- \/wp:separator --> <!-- wp:heading {\"level\":3} -->\r\n<h3 class=\"wp-block-heading\">Hemen Teklif Al\u0131n!<\/h3>\r\n<!-- \/wp:heading --> <!-- wp:paragraph -->\r\n\r\nE\u015fyalar\u0131n\u0131z\u0131n ta\u015f\u0131nmas\u0131 hakk\u0131nda merak ettikleriniz varsa ya da kesin bir teklif almak istiyorsan\u0131z, bizimle ileti\u015fime ge\u00e7in:\r\n\r\n<!-- \/wp:paragraph --> <!-- wp:list -->\r\n<ul class=\"wp-block-list\"><!-- wp:list-item -->\r\n \t<li>Telefon: 0(554) 530 97 48 \/ 0(536) 311 72 59<\/li>\r\n<!-- \/wp:list-item --> <!-- wp:list-item -->\r\n \t<li>E-posta: <a href=\"mailto:info@emniyetnakliyat.com\">info@emniyetnakliyat.com<\/a><\/li>\r\n<!-- \/wp:list-item --><\/ul>\r\n<!-- \/wp:list --> <!-- wp:paragraph -->\r\n\r\nNev\u015fehir\u2019de evden eve nakliyat ihtiya\u00e7lar\u0131n\u0131zda <strong>Emniyet Nakliyat<\/strong> ile stressiz, h\u0131zl\u0131 ve g\u00fcvenli ta\u015f\u0131mac\u0131l\u0131\u011f\u0131 deneyimleyin.\r\n\r\n<!-- \/wp:paragraph --> <!-- wp:separator -->\r\n\r\n<hr class=\"wp-block-separator has-alpha-channel-opacity\" \/>\r\n\r\n<!-- \/wp:separator --> <!-- wp:paragraph -->\r\n\r\n&nbsp;\r\n\r\n<!-- \/wp:paragraph -->","link":"https:\/\/emniyetnakliyat.com\/nevsehir\/nakliyat-firmalari\/nevsehir-nakliyat\/","name":"Nev\u015fehir Nakliyat","slug":"nevsehir-nakliyat","taxonomy":"category","parent":0,"meta":[],"yoast_head":"<!-- This site is optimized with the Yoast SEO plugin v27.4 - https:\/\/yoast.com\/product\/yoast-seo-wordpress\/ -->\n<title>Nev\u015fehir Nakliyat<\/title>\n<meta name=\"description\" content=\"Nev\u015fehir Nakliyat Nakliye: Asans\u00f6r ve ta\u015f\u0131ma ekipmanlar\u0131 ile g\u00fcvenli \u015fekilde nakledilir.\" \/>\n<meta name=\"robots\" content=\"noindex, follow\" \/>\n<meta property=\"og:locale\" content=\"tr_TR\" \/>\n<meta property=\"og:type\" content=\"article\" \/>\n<meta property=\"og:title\" content=\"Nev\u015fehir Nakliyat\" \/>\n<meta property=\"og:description\" content=\"Nev\u015fehir Nakliyat Nakliye: Asans\u00f6r ve ta\u015f\u0131ma ekipmanlar\u0131 ile g\u00fcvenli \u015fekilde nakledilir.\" \/>\n<meta property=\"og:url\" content=\"https:\/\/emniyetnakliyat.com\/nevsehir\/nakliyat-firmalari\/nevsehir-nakliyat\/\" \/>\n<meta property=\"og:site_name\" content=\"Nev\u015fehir Evden Eve Nakliyat\" \/>\n<meta property=\"og:image\" content=\"https:\/\/emniyetnakliyat.com\/nevsehir\/wp-content\/uploads\/sites\/3\/2025\/07\/iltisim-kamyon-resimi-evden-eve-nakliyat.jpg\" \/>\n\t<meta property=\"og:image:width\" content=\"330\" \/>\n\t<meta property=\"og:image:height\" content=\"295\" \/>\n\t<meta property=\"og:image:type\" content=\"image\/jpeg\" \/>\n<meta name=\"twitter:card\" content=\"summary_large_image\" \/>\n<script type=\"application\/ld+json\" class=\"yoast-schema-graph\">{\"@context\":\"https:\\\/\\\/schema.org\",\"@graph\":[{\"@type\":\"CollectionPage\",\"@id\":\"https:\\\/\\\/emniyetnakliyat.com\\\/nevsehir\\\/nakliyat-firmalari\\\/nevsehir-nakliyat\\\/\",\"url\":\"https:\\\/\\\/emniyetnakliyat.com\\\/nevsehir\\\/nakliyat-firmalari\\\/nevsehir-nakliyat\\\/\",\"name\":\"Nev\u015fehir Nakliyat\",\"isPartOf\":{\"@id\":\"https:\\\/\\\/emniyetnakliyat.com\\\/nevsehir\\\/#website\"},\"description\":\"Nev\u015fehir Nakliyat Nakliye: Asans\u00f6r ve ta\u015f\u0131ma ekipmanlar\u0131 ile g\u00fcvenli \u015fekilde nakledilir.\",\"breadcrumb\":{\"@id\":\"https:\\\/\\\/emniyetnakliyat.com\\\/nevsehir\\\/nakliyat-firmalari\\\/nevsehir-nakliyat\\\/#breadcrumb\"},\"inLanguage\":\"tr\"},{\"@type\":\"BreadcrumbList\",\"@id\":\"https:\\\/\\\/emniyetnakliyat.com\\\/nevsehir\\\/nakliyat-firmalari\\\/nevsehir-nakliyat\\\/#breadcrumb\",\"itemListElement\":[{\"@type\":\"ListItem\",\"position\":1,\"name\":\"Anasayfa\",\"item\":\"https:\\\/\\\/emniyetnakliyat.com\\\/nevsehir\\\/\"},{\"@type\":\"ListItem\",\"position\":2,\"name\":\"Nev\u015fehir Nakliyat\"}]},{\"@type\":\"WebSite\",\"@id\":\"https:\\\/\\\/emniyetnakliyat.com\\\/nevsehir\\\/#website\",\"url\":\"https:\\\/\\\/emniyetnakliyat.com\\\/nevsehir\\\/\",\"name\":\"Nev\u015fehir Evden Eve Nakliyat\",\"description\":\"Nev\u015fehir Evden Eve\",\"publisher\":{\"@id\":\"https:\\\/\\\/emniyetnakliyat.com\\\/nevsehir\\\/#organization\"},\"alternateName\":\"Nev\u015fehir Evden Eve\",\"potentialAction\":[{\"@type\":\"SearchAction\",\"target\":{\"@type\":\"EntryPoint\",\"urlTemplate\":\"https:\\\/\\\/emniyetnakliyat.com\\\/nevsehir\\\/?s={search_term_string}\"},\"query-input\":{\"@type\":\"PropertyValueSpecification\",\"valueRequired\":true,\"valueName\":\"search_term_string\"}}],\"inLanguage\":\"tr\"},{\"@type\":\"Organization\",\"@id\":\"https:\\\/\\\/emniyetnakliyat.com\\\/nevsehir\\\/#organization\",\"name\":\"nev\u015fehir evden eve nakliyat fiyatlar\u0131\",\"alternateName\":\"nev\u015fehir evden eve ta\u015f\u0131ma fiyatlar\u0131\",\"url\":\"https:\\\/\\\/emniyetnakliyat.com\\\/nevsehir\\\/\",\"logo\":{\"@type\":\"ImageObject\",\"inLanguage\":\"tr\",\"@id\":\"https:\\\/\\\/emniyetnakliyat.com\\\/nevsehir\\\/#\\\/schema\\\/logo\\\/image\\\/\",\"url\":\"https:\\\/\\\/emniyetnakliyat.com\\\/nevsehir\\\/wp-content\\\/uploads\\\/sites\\\/3\\\/2025\\\/07\\\/iltisim-kamyon-resimi-evden-eve-nakliyat.jpg\",\"contentUrl\":\"https:\\\/\\\/emniyetnakliyat.com\\\/nevsehir\\\/wp-content\\\/uploads\\\/sites\\\/3\\\/2025\\\/07\\\/iltisim-kamyon-resimi-evden-eve-nakliyat.jpg\",\"width\":330,\"height\":295,\"caption\":\"nev\u015fehir evden eve nakliyat fiyatlar\u0131\"},\"image\":{\"@id\":\"https:\\\/\\\/emniyetnakliyat.com\\\/nevsehir\\\/#\\\/schema\\\/logo\\\/image\\\/\"}}]}<\/script>\n<!-- \/ Yoast SEO plugin. -->","yoast_head_json":{"title":"Nev\u015fehir Nakliyat","description":"Nev\u015fehir Nakliyat Nakliye: Asans\u00f6r ve ta\u015f\u0131ma ekipmanlar\u0131 ile g\u00fcvenli \u015fekilde nakledilir.","robots":{"index":"noindex","follow":"follow"},"og_locale":"tr_TR","og_type":"article","og_title":"Nev\u015fehir Nakliyat","og_description":"Nev\u015fehir Nakliyat Nakliye: Asans\u00f6r ve ta\u015f\u0131ma ekipmanlar\u0131 ile g\u00fcvenli \u015fekilde nakledilir.","og_url":"https:\/\/emniyetnakliyat.com\/nevsehir\/nakliyat-firmalari\/nevsehir-nakliyat\/","og_site_name":"Nev\u015fehir Evden Eve Nakliyat","og_image":[{"width":330,"height":295,"url":"https:\/\/emniyetnakliyat.com\/nevsehir\/wp-content\/uploads\/sites\/3\/2025\/07\/iltisim-kamyon-resimi-evden-eve-nakliyat.jpg","type":"image\/jpeg"}],"twitter_card":"summary_large_image","schema":{"@context":"https:\/\/schema.org","@graph":[{"@type":"CollectionPage","@id":"https:\/\/emniyetnakliyat.com\/nevsehir\/nakliyat-firmalari\/nevsehir-nakliyat\/","url":"https:\/\/emniyetnakliyat.com\/nevsehir\/nakliyat-firmalari\/nevsehir-nakliyat\/","name":"Nev\u015fehir Nakliyat","isPartOf":{"@id":"https:\/\/emniyetnakliyat.com\/nevsehir\/#website"},"description":"Nev\u015fehir Nakliyat Nakliye: Asans\u00f6r ve ta\u015f\u0131ma ekipmanlar\u0131 ile g\u00fcvenli \u015fekilde nakledilir.","breadcrumb":{"@id":"https:\/\/emniyetnakliyat.com\/nevsehir\/nakliyat-firmalari\/nevsehir-nakliyat\/#breadcrumb"},"inLanguage":"tr"},{"@type":"BreadcrumbList","@id":"https:\/\/emniyetnakliyat.com\/nevsehir\/nakliyat-firmalari\/nevsehir-nakliyat\/#breadcrumb","itemListElement":[{"@type":"ListItem","position":1,"name":"Anasayfa","item":"https:\/\/emniyetnakliyat.com\/nevsehir\/"},{"@type":"ListItem","position":2,"name":"Nev\u015fehir Nakliyat"}]},{"@type":"WebSite","@id":"https:\/\/emniyetnakliyat.com\/nevsehir\/#website","url":"https:\/\/emniyetnakliyat.com\/nevsehir\/","name":"Nev\u015fehir Evden Eve Nakliyat","description":"Nev\u015fehir Evden Eve","publisher":{"@id":"https:\/\/emniyetnakliyat.com\/nevsehir\/#organization"},"alternateName":"Nev\u015fehir Evden Eve","potentialAction":[{"@type":"SearchAction","target":{"@type":"EntryPoint","urlTemplate":"https:\/\/emniyetnakliyat.com\/nevsehir\/?s={search_term_string}"},"query-input":{"@type":"PropertyValueSpecification","valueRequired":true,"valueName":"search_term_string"}}],"inLanguage":"tr"},{"@type":"Organization","@id":"https:\/\/emniyetnakliyat.com\/nevsehir\/#organization","name":"nev\u015fehir evden eve nakliyat fiyatlar\u0131","alternateName":"nev\u015fehir evden eve ta\u015f\u0131ma fiyatlar\u0131","url":"https:\/\/emniyetnakliyat.com\/nevsehir\/","logo":{"@type":"ImageObject","inLanguage":"tr","@id":"https:\/\/emniyetnakliyat.com\/nevsehir\/#\/schema\/logo\/image\/","url":"https:\/\/emniyetnakliyat.com\/nevsehir\/wp-content\/uploads\/sites\/3\/2025\/07\/iltisim-kamyon-resimi-evden-eve-nakliyat.jpg","contentUrl":"https:\/\/emniyetnakliyat.com\/nevsehir\/wp-content\/uploads\/sites\/3\/2025\/07\/iltisim-kamyon-resimi-evden-eve-nakliyat.jpg","width":330,"height":295,"caption":"nev\u015fehir evden eve nakliyat fiyatlar\u0131"},"image":{"@id":"https:\/\/emniyetnakliyat.com\/nevsehir\/#\/schema\/logo\/image\/"}}]}},"_links":{"self":[{"href":"https:\/\/emniyetnakliyat.com\/nevsehir\/wp-json\/wp\/v2\/categories\/2","targetHints":{"allow":["GET"]}}],"collection":[{"href":"https:\/\/emniyetnakliyat.com\/nevsehir\/wp-json\/wp\/v2\/categories"}],"about":[{"href":"https:\/\/emniyetnakliyat.com\/nevsehir\/wp-json\/wp\/v2\/taxonomies\/category"}],"wp:post_type":[{"href":"https:\/\/emniyetnakliyat.com\/nevsehir\/wp-json\/wp\/v2\/posts?categories=2"}],"curies":[{"name":"wp","href":"https:\/\/api.w.org\/{rel}","templated":true}]}}